{"id":1695,"date":"2020-08-14T17:14:17","date_gmt":"2020-08-14T17:14:17","guid":{"rendered":"http:\/\/aep61-74.org\/?p=1695"},"modified":"2021-09-24T08:18:38","modified_gmt":"2021-09-24T08:18:38","slug":"orgaos-sociais-orgaos-sociais-eleitos-ate-2023","status":"publish","type":"post","link":"http:\/\/aep61-74.org\/index.php\/2020\/08\/14\/orgaos-sociais-orgaos-sociais-eleitos-ate-2023\/","title":{"rendered":"\u00d3RG\u00c3OS SOCIAIS |  \u00d3rg\u00e3os sociais eleitos at\u00e9 2023"},"content":{"rendered":"\n<p>@cvr | Vida Associativa | <\/p>\n\n\n\n<p>Em consequ\u00eancia do ato eleitoral ocorrido em 27 de junho 2020, que contou com votos presenciais e por correspond\u00eancia, foram eleitos os \u00d3rg\u00e3os Sociais para o tri\u00e9nio 2020-2023.<\/p>\n\n\n\n<p>A sua composi\u00e7\u00e3o \u00e9 a seguinte:<br><br><strong>Mesa da Assembleia Geral<\/strong><br>Presidente Carlos Valentim Ribeiro<br>1\u00aa Secret\u00e1ria Beatriz Abrantes<br>2\u00aa Secret\u00e1ria Teresa Couto<br><br><strong>Dire\u00e7\u00e3o<\/strong><br>Presidente Fernanda Marques<br>Vice-Presidente Carlos Neves<br>Tesoureiro Jos\u00e9 Martins<br>Secret\u00e1rio Fernando Nunes<br>Vogal Fernando Cardoso<br>Vogal Suplente Vasco Martins<br><br><strong>Conselho Fiscal<\/strong><br>Presidente Joaquim Saraiva<br>1\u00ba Secret\u00e1rio Manuel Lopes Rodrigues<br>2\u00ba Secret\u00e1rio Manuel Valente Tavares<br>Vogal Suplente Irene Martins<\/p>\n\n\n\n<p>Os \u00d3rg\u00e3os Sociais eleitos , para al\u00e9m da composi\u00e7\u00e3o espec\u00edfica que resultou da lista apresentada pela atual Presidente da Dire\u00e7\u00e3o Fernanda Marques integra associados que n\u00e3o residem am Portugal, contempla a figura de suplentes na Dire\u00e7\u00e3o e no Conselho Fiscal e alargou o n\u00famero de membros do \u00d3rg\u00e3o Executivo de 3 para 5 diretores.<\/p>\n\n\n\n<p><em>\u00a9 foto: Carlos Neves<\/em><\/p>\n","protected":false},"excerpt":{"rendered":"<div class=\"mh-excerpt\"><p>@cvr | Vida Associativa | Em consequ\u00eancia do ato eleitoral ocorrido em 27 de junho 2020, que contou com votos presenciais e por correspond\u00eancia, foram eleitos os \u00d3rg\u00e3os Sociais para o tri\u00e9nio 2020-2023. A sua <a class=\"mh-excerpt-more\" href=\"http:\/\/aep61-74.org\/index.php\/2020\/08\/14\/orgaos-sociais-orgaos-sociais-eleitos-ate-2023\/\" title=\"\u00d3RG\u00c3OS SOCIAIS |  \u00d3rg\u00e3os sociais eleitos at\u00e9 2023\">[&#8230;]<\/a><\/p>\n<\/div>","protected":false},"author":1,"featured_media":1698,"comment_status":"closed","ping_status":"closed","sticky":false,"template":"","format":"standard","meta":{"rop_custom_images_group":[],"rop_custom_messages_group":[],"rop_publish_now":"initial","rop_publish_now_accounts":[],"rop_publish_now_history":[],"rop_publish_now_status":"pending","footnotes":""},"categories":[240],"tags":[8],"class_list":{"0":"post-1695","1":"post","2":"type-post","3":"status-publish","4":"format-standard","5":"has-post-thumbnail","7":"category-aep","8":"tag-orgaos-sociais"},"_links":{"self":[{"href":"http:\/\/aep61-74.org\/index.php\/wp-json\/wp\/v2\/posts\/1695","targetHints":{"allow":["GET"]}}],"collection":[{"href":"http:\/\/aep61-74.org\/index.php\/wp-json\/wp\/v2\/posts"}],"about":[{"href":"http:\/\/aep61-74.org\/index.php\/wp-json\/wp\/v2\/types\/post"}],"author":[{"embeddable":true,"href":"http:\/\/aep61-74.org\/index.php\/wp-json\/wp\/v2\/users\/1"}],"replies":[{"embeddable":true,"href":"http:\/\/aep61-74.org\/index.php\/wp-json\/wp\/v2\/comments?post=1695"}],"version-history":[{"count":5,"href":"http:\/\/aep61-74.org\/index.php\/wp-json\/wp\/v2\/posts\/1695\/revisions"}],"predecessor-version":[{"id":1708,"href":"http:\/\/aep61-74.org\/index.php\/wp-json\/wp\/v2\/posts\/1695\/revisions\/1708"}],"wp:featuredmedia":[{"embeddable":true,"href":"http:\/\/aep61-74.org\/index.php\/wp-json\/wp\/v2\/media\/1698"}],"wp:attachment":[{"href":"http:\/\/aep61-74.org\/index.php\/wp-json\/wp\/v2\/media?parent=1695"}],"wp:term":[{"taxonomy":"category","embeddable":true,"href":"http:\/\/aep61-74.org\/index.php\/wp-json\/wp\/v2\/categories?post=1695"},{"taxonomy":"post_tag","embeddable":true,"href":"http:\/\/aep61-74.org\/index.php\/wp-json\/wp\/v2\/tags?post=1695"}],"curies":[{"name":"wp","href":"https:\/\/api.w.org\/{rel}","templated":true}]}}