{"id":1702,"date":"2020-08-16T02:51:16","date_gmt":"2020-08-16T02:51:16","guid":{"rendered":"http:\/\/aep61-74.org\/?p=1702"},"modified":"2021-09-24T08:15:10","modified_gmt":"2021-09-24T08:15:10","slug":"cooperacao-ecos-da-voz-as-memorias-dos-exilios","status":"publish","type":"post","link":"http:\/\/aep61-74.org\/index.php\/2020\/08\/16\/cooperacao-ecos-da-voz-as-memorias-dos-exilios\/","title":{"rendered":"COOPERA\u00c7\u00c3O | #ECOS d\u00e1 voz \u00e0s mem\u00f3rias dos ex\u00edlios"},"content":{"rendered":"\n<p>@cvr | #ECOS | Projetos em Coopera\u00e7\u00e3o | 14 de agosto de 2020<\/p>\n\n\n\n<p>Ex\u00edlios, contrariar o sil\u00eancio: mem\u00f3rias, objectos e narrativas de tempos incertos<\/p>\n\n\n\n<figure class=\"wp-block-image size-large\"><img loading=\"lazy\" decoding=\"async\" width=\"567\" height=\"425\" src=\"http:\/\/aep61-74.org\/wp-content\/uploads\/2019\/10\/IMG_20191002_165139.jpg\" alt=\"\" class=\"wp-image-1583\" srcset=\"http:\/\/aep61-74.org\/wp-content\/uploads\/2019\/10\/IMG_20191002_165139.jpg 567w, http:\/\/aep61-74.org\/wp-content\/uploads\/2019\/10\/IMG_20191002_165139-300x225.jpg 300w, http:\/\/aep61-74.org\/wp-content\/uploads\/2019\/10\/IMG_20191002_165139-200x150.jpg 200w, http:\/\/aep61-74.org\/wp-content\/uploads\/2019\/10\/IMG_20191002_165139-150x112.jpg 150w\" sizes=\"auto, (max-width: 567px) 100vw, 567px\" \/><\/figure>\n\n\n\n<p> O projeto encontra-se na reta final mas ainda est\u00e3o previstas v\u00e1rias atividades que permitir\u00e3o que o per\u00edodo de confinamento e que a influ\u00eancia negativa da pandemia de COVID-19 n\u00e3o afete os resultados previstos pela Equipa de Projeto na fase de planeamento. V\u00e1rios associados da AEP61-74 t\u00eam vindo a colaborar ativamente nas a\u00e7\u00f5es levadas a efeito e sendo as atividades a cargo  da associa\u00e7\u00e3o coordenadas por Fernando Cardoso.<\/p>\n\n\n\n<p>Entre 1926 e 1974 milhares de portugueses tomaram o caminho do ex\u00edlio. Este, frequentemente inclu\u00eddo na contabiliza\u00e7\u00e3o dos movimentos migrat\u00f3rios da \u00e9poca, integra um dos mais importantes fluxos de pessoas da hist\u00f3ria do Portugal moderno. Este projecto pretende interrogar a mem\u00f3ria desta mobilidade espec\u00edfica, partindo do campo disciplinar das Ci\u00eancias Sociais, incidindo sobre arquivos, objectos e constru\u00e7\u00f5es memorabil\u00edsticas de exilados portugueses.<\/p>\n\n\n\n<h4 class=\"wp-block-heading\">Objetivos<\/h4>\n\n\n\n<p>Nesse sentido, o projecto <a href=\"#ECOS\">#ECOS<\/a> desenvolve um conjunto de&nbsp;iniciativas que visam contribuir:<\/p>\n\n\n\n<p><strong>a) para a promo\u00e7\u00e3o de um debate p\u00fablico na sociedade europeia sobre os processos de&nbsp;ex\u00edlio com principal, embora n\u00e3o&nbsp;exclusivo, enfoque no exemplo portugu\u00eas;<\/strong><\/p>\n\n\n\n<p><strong>b) para a constru\u00e7\u00e3o de um patrim\u00f3nio sobre estes processos a partir de esp\u00f3lios pessoais e arquiv\u00edsticos, com particular destaque para os objectos da cultura material;<\/strong><\/p>\n\n\n\n<p><strong>c) para aprofundar o conhecimento do p\u00fablico escolar sobre a hist\u00f3ria da Europa, dos seus regimes pol\u00edticos e sobre a constru\u00e7\u00e3o de cidadanias desiguais.<\/strong><\/p>\n\n\n\n<p>#ECOS visa uma consciencializa\u00e7\u00e3o sobre o passado e uma aprendizagem para o futuro, amplamente pertinente nos debates contempor\u00e2neos sobre mobilidades, pol\u00edticas de acolhimento,&nbsp; xenofobia e populismo. O projecto, ao dar visibilidade a experi\u00eancias biogr\u00e1ficas transnacionais adquire relev\u00e2ncia numa Europa actualmente marcada por crises sociais, econ\u00f3micas e pol\u00edticas.<\/p>\n\n\n\n<h4 class=\"wp-block-heading\"><strong>Actividades<\/strong><\/h4>\n\n\n\n<p>O objectivo central do projecto, atrav\u00e9s do seu \u201cPacote Pedag\u00f3gico\u201d \u00e9 o da dissemina\u00e7\u00e3o alargada de conhecimento sobre a experi\u00eancia do ex\u00edlio no contexto da hist\u00f3ria da Europa, para chegar aos processos contempor\u00e2neos de mobilidade, \u00e0 circula\u00e7\u00e3o de indiv\u00edduos e \u00e0s actuais pol\u00edticas de gest\u00e3o de fluxos migrat\u00f3rios.<\/p>\n\n\n\n<p>Todas as actividades s\u00e3o adaptadas aos planos curriculares e aos projectos pedag\u00f3gicos das escolas envolvidas e assumem um papel fundamental na divulga\u00e7\u00e3o, sensibiliza\u00e7\u00e3o e comunica\u00e7\u00e3o das experi\u00eancias quotidianas do ex\u00edlio, dando voz aos seus protagonistas. Contribuem ainda para a dissemina\u00e7\u00e3o do conhecimento sobre o ex\u00edlio, a partir de narrativas biogr\u00e1ficas que sendo hist\u00f3rias de portugueses constituem exemplos universais sobre deslocamento, desenraizamento e mobilidade for\u00e7ada.<\/p>\n\n\n\n<h4 class=\"wp-block-heading\">Parceria do projeto<\/h4>\n\n\n\n<p><strong><u><strong>Coordena\u00e7\u00e3o do projecto<\/strong><\/u><\/strong><\/p>\n\n\n\n<p><a href=\"http:\/\/cria.org.pt\/wp\/\">CRIA &#8211;<strong> <\/strong>Centro em Rede de Investiga\u00e7\u00e3o em Antropologia<\/a><\/p>\n\n\n\n<p><strong><u><strong>Entidades participantes<\/strong><\/u><\/strong><\/p>\n\n\n\n<p>AEP61-74 &#8211; <a href=\"http:\/\/(http:\/\/aep61-74.org)\">Associa\u00e7\u00e3o de Exilados Pol\u00edticos Portugueses<\/a> &#8211; Portugal<\/p>\n\n\n\n<p><a href=\"http:\/\/nacasadaesquinablogspot.pt\/\">Casa da Esquina &#8211;<\/a> Portugal<\/p>\n\n\n\n<p>UNL \u2013 <a href=\"http:\/\/www.unl.pt\">Universidade Nova de Lisboa  <\/a>&#8211; Portugal<\/p>\n\n\n\n<p>Association <a href=\"http:\/\/memoria-viva.fr\">M\u00e9moire Vive <\/a>\/ Mem\u00f3ria Viva &#8211; Fran\u00e7a<\/p>\n\n\n\n<p>URMIS \u2013 <a href=\"http:\/\/www.urmis.fr\">Unit\u00e9 de Recherche Migrations et Soci\u00e9t\u00e9 (Paris-Diderot<\/a>) &#8211; Fran\u00e7a<\/p>\n\n\n\n<p><a href=\"htj678@hum.ku.dk\">Universidade de Copenhaga <\/a> &#8211; Dinamarca<\/p>\n\n\n\n<p><strong>Entidade Financiadora<\/strong> Programa Europa para os Cidad\u00e3os<\/p>\n\n\n\n<p>609056-CITIZ-1-2019-1-PT-CITIZ-REMEM<\/p>\n\n\n\n<p><em>@fonte #ECOS &#8211; foto site AEP61-74<\/em><\/p>\n\n\n\n<figure class=\"wp-block-image size-large\"><img loading=\"lazy\" decoding=\"async\" width=\"567\" height=\"425\" src=\"http:\/\/aep61-74.org\/wp-content\/uploads\/2019\/10\/IMG_20191014_112914.jpg\" alt=\"\" class=\"wp-image-1586\" srcset=\"http:\/\/aep61-74.org\/wp-content\/uploads\/2019\/10\/IMG_20191014_112914.jpg 567w, http:\/\/aep61-74.org\/wp-content\/uploads\/2019\/10\/IMG_20191014_112914-300x225.jpg 300w, http:\/\/aep61-74.org\/wp-content\/uploads\/2019\/10\/IMG_20191014_112914-200x150.jpg 200w, http:\/\/aep61-74.org\/wp-content\/uploads\/2019\/10\/IMG_20191014_112914-150x112.jpg 150w\" sizes=\"auto, (max-width: 567px) 100vw, 567px\" \/><\/figure>\n\n\n\n<figure class=\"wp-block-image size-large\"><img loading=\"lazy\" decoding=\"async\" width=\"567\" height=\"756\" src=\"http:\/\/aep61-74.org\/wp-content\/uploads\/2019\/10\/IMG_20191014_112849.jpg\" alt=\"\" class=\"wp-image-1585\" srcset=\"http:\/\/aep61-74.org\/wp-content\/uploads\/2019\/10\/IMG_20191014_112849.jpg 567w, http:\/\/aep61-74.org\/wp-content\/uploads\/2019\/10\/IMG_20191014_112849-225x300.jpg 225w, http:\/\/aep61-74.org\/wp-content\/uploads\/2019\/10\/IMG_20191014_112849-113x150.jpg 113w\" sizes=\"auto, (max-width: 567px) 100vw, 567px\" \/><\/figure>\n\n\n\n<figure class=\"wp-block-image size-large\"><img loading=\"lazy\" decoding=\"async\" width=\"567\" height=\"756\" src=\"http:\/\/aep61-74.org\/wp-content\/uploads\/2019\/10\/IMG_20191014_112844.jpg\" alt=\"\" class=\"wp-image-1584\" srcset=\"http:\/\/aep61-74.org\/wp-content\/uploads\/2019\/10\/IMG_20191014_112844.jpg 567w, http:\/\/aep61-74.org\/wp-content\/uploads\/2019\/10\/IMG_20191014_112844-225x300.jpg 225w, http:\/\/aep61-74.org\/wp-content\/uploads\/2019\/10\/IMG_20191014_112844-113x150.jpg 113w\" sizes=\"auto, (max-width: 567px) 100vw, 567px\" \/><\/figure>\n","protected":false},"excerpt":{"rendered":"<div class=\"mh-excerpt\"><p>@cvr | #ECOS | Projetos em Coopera\u00e7\u00e3o | 14 de agosto de 2020 Ex\u00edlios, contrariar o sil\u00eancio: mem\u00f3rias, objectos e narrativas de tempos incertos O projeto encontra-se na reta final mas ainda est\u00e3o previstas v\u00e1rias <a class=\"mh-excerpt-more\" href=\"http:\/\/aep61-74.org\/index.php\/2020\/08\/16\/cooperacao-ecos-da-voz-as-memorias-dos-exilios\/\" title=\"COOPERA\u00c7\u00c3O | #ECOS d\u00e1 voz \u00e0s mem\u00f3rias dos ex\u00edlios\">[&#8230;]<\/a><\/p>\n<\/div>","protected":false},"author":1,"featured_media":1712,"comment_status":"closed","ping_status":"closed","sticky":false,"template":"","format":"standard","meta":{"rop_custom_images_group":[],"rop_custom_messages_group":[],"rop_publish_now":"initial","rop_publish_now_accounts":[],"rop_publish_now_history":[],"rop_publish_now_status":"pending","footnotes":""},"categories":[238,244],"tags":[246],"class_list":{"0":"post-1702","1":"post","2":"type-post","3":"status-publish","4":"format-standard","5":"has-post-thumbnail","7":"category-ecos","8":"category-projetos","9":"tag-apresentacao"},"_links":{"self":[{"href":"http:\/\/aep61-74.org\/index.php\/wp-json\/wp\/v2\/posts\/1702","targetHints":{"allow":["GET"]}}],"collection":[{"href":"http:\/\/aep61-74.org\/index.php\/wp-json\/wp\/v2\/posts"}],"about":[{"href":"http:\/\/aep61-74.org\/index.php\/wp-json\/wp\/v2\/types\/post"}],"author":[{"embeddable":true,"href":"http:\/\/aep61-74.org\/index.php\/wp-json\/wp\/v2\/users\/1"}],"replies":[{"embeddable":true,"href":"http:\/\/aep61-74.org\/index.php\/wp-json\/wp\/v2\/comments?post=1702"}],"version-history":[{"count":6,"href":"http:\/\/aep61-74.org\/index.php\/wp-json\/wp\/v2\/posts\/1702\/revisions"}],"predecessor-version":[{"id":1808,"href":"http:\/\/aep61-74.org\/index.php\/wp-json\/wp\/v2\/posts\/1702\/revisions\/1808"}],"wp:featuredmedia":[{"embeddable":true,"href":"http:\/\/aep61-74.org\/index.php\/wp-json\/wp\/v2\/media\/1712"}],"wp:attachment":[{"href":"http:\/\/aep61-74.org\/index.php\/wp-json\/wp\/v2\/media?parent=1702"}],"wp:term":[{"taxonomy":"category","embeddable":true,"href":"http:\/\/aep61-74.org\/index.php\/wp-json\/wp\/v2\/categories?post=1702"},{"taxonomy":"post_tag","embeddable":true,"href":"http:\/\/aep61-74.org\/index.php\/wp-json\/wp\/v2\/tags?post=1702"}],"curies":[{"name":"wp","href":"https:\/\/api.w.org\/{rel}","templated":true}]}}