{"id":1767,"date":"2020-08-16T01:50:59","date_gmt":"2020-08-16T01:50:59","guid":{"rendered":"http:\/\/aep61-74.org\/?p=1767"},"modified":"2021-09-24T08:15:47","modified_gmt":"2021-09-24T08:15:47","slug":"livros-exilios-foram-producao-coletiva-de-ex-exilados","status":"publish","type":"post","link":"http:\/\/aep61-74.org\/index.php\/2020\/08\/16\/livros-exilios-foram-producao-coletiva-de-ex-exilados\/","title":{"rendered":"EX\u00cdLIOS | Livros foram produ\u00e7\u00e3o coletiva de ex-exilados"},"content":{"rendered":"\n<p>@cvr| Texto Fernando Cardoso <\/p>\n\n\n\n<p>Nasceu este projecto de conversas entre amigos e antigos camaradas que pensaram ser importante dar a conhecer mem\u00f3rias e hist\u00f3rias do seu ex\u00edlio. Um projecto t\u00e3o antigo como o 25 de Abril. Morreu um de n\u00f3s e resolvemos, em sil\u00eancio, <em>enterrar<\/em> o projecto com ele. N\u00e3o deliber\u00e1mos em conjunto, mas sab\u00edamos que esta era a melhor op\u00e7\u00e3o. Durou anos, o nosso <em>luto. <\/em>Os arquivos foram acumulando poeira, as mem\u00f3rias ficando mais cinzentas, um doce e acre esquecimento pousado nas prateleiras.<\/p>\n\n\n\n<figure class=\"wp-block-image size-large\"><img loading=\"lazy\" decoding=\"async\" width=\"821\" height=\"1024\" src=\"http:\/\/aep61-74.org\/wp-content\/uploads\/2015\/10\/newcapa-FINAL-821x1024.jpg\" alt=\"\" class=\"wp-image-68\" srcset=\"http:\/\/aep61-74.org\/wp-content\/uploads\/2015\/10\/newcapa-FINAL-821x1024.jpg 821w, http:\/\/aep61-74.org\/wp-content\/uploads\/2015\/10\/newcapa-FINAL-240x300.jpg 240w, http:\/\/aep61-74.org\/wp-content\/uploads\/2015\/10\/newcapa-FINAL-120x150.jpg 120w, http:\/\/aep61-74.org\/wp-content\/uploads\/2015\/10\/newcapa-FINAL.jpg 1000w\" sizes=\"auto, (max-width: 821px) 100vw, 821px\" \/><\/figure>\n\n\n\n<p>Com os protagonistas de uma parte da hist\u00f3ria portuguesa recente esquecidos, tudo estava em paz. H\u00e1 um ano e meio atr\u00e1s, o projecto \u201cressuscitou\u201d. De forma quase espont\u00e2nea, gerou-se um movimento de recolha e troca de experi\u00eancias, com o fim de dar a conhecer esta viv\u00eancia, que poucos experimentaram e muitos desconhecem: as dificuldades, os momentos dolorosos e felizes, a festa, a revolta, a saudade de uma p\u00e1tria triste e violenta. Falar, dizer, escrever, o livro do ex\u00edlio. Falar, de uma Europa de cidad\u00e3os solid\u00e1rios com a nossa causa e com as nossas paix\u00f5es. Escrever, sobre o \u201caperto de cora\u00e7\u00e3o\u201d, quando a \u201csalto\u201d nos aventur\u00e1mos num pa\u00eds e numa l\u00edngua desconhecida que aprendemos na boca de ouvir e amar. Escrever, sobre a nossa experi\u00eancia nos frios do Norte do sol escondido, com o Mediterr\u00e2neo t\u00e3o longe. Escrever todas as cartas, por dizer, a n\u00f3s pr\u00f3prios e aos amigos. Escrever sobre um passado long\u00ednquo, que hoje nos interpela e que queremos seja ouvido. Este livro est\u00e1 orientado para Norte: de Fran\u00e7a \u00e0 Su\u00e9cia, passando pela B\u00e9lgica, Luxemburgo, Holanda e Dinamarca. \u00c0 semelhan\u00e7a dos exilados que viajaram na mesma direc\u00e7\u00e3o. No subt\u00edtulo deste livro, sublinha-se que s\u00e3o \u201ctestemunhos de exilados e desertores na Europa (1961-1974)\u201d. S\u00e3o vinte e dois autores que falam de ex\u00edlios, clandestinidades, nomes de guerra, disfarces, incomunicabilidades, pensamentos estanques, vidas duplas e triplas, hist\u00f3rias de vida. O indiz\u00edvel, exp\u00f5e-se.<\/p>\n\n\n\n<figure class=\"wp-block-image size-large\"><img loading=\"lazy\" decoding=\"async\" width=\"771\" height=\"1024\" src=\"http:\/\/aep61-74.org\/wp-content\/uploads\/2018\/02\/EXI\u0301LIOS2-KAPA-771x1024.jpg\" alt=\"\" class=\"wp-image-1443\" srcset=\"http:\/\/aep61-74.org\/wp-content\/uploads\/2018\/02\/EXI\u0301LIOS2-KAPA-771x1024.jpg 771w, http:\/\/aep61-74.org\/wp-content\/uploads\/2018\/02\/EXI\u0301LIOS2-KAPA-226x300.jpg 226w, http:\/\/aep61-74.org\/wp-content\/uploads\/2018\/02\/EXI\u0301LIOS2-KAPA-768x1020.jpg 768w, http:\/\/aep61-74.org\/wp-content\/uploads\/2018\/02\/EXI\u0301LIOS2-KAPA-113x150.jpg 113w, http:\/\/aep61-74.org\/wp-content\/uploads\/2018\/02\/EXI\u0301LIOS2-KAPA.jpg 1242w\" sizes=\"auto, (max-width: 771px) 100vw, 771px\" \/><\/figure>\n\n\n\n<p class=\"has-text-align-center\"><strong><a href=\"http:\/\/aep61-74.org\/wp-content\/uploads\/2015\/10\/LIVRODEXILIOS1-2\u00aaSITE1.pdf\" data-type=\"URL\" data-id=\"http:\/\/aep61-74.org\/wp-content\/uploads\/2015\/10\/LIVRODEXILIOS1-2\u00aaSITE1.pdf\">EX\u00cdLIOS.1 Dispon\u00edvel aqui em formato PDF <\/a><\/strong><\/p>\n\n\n\n<p>Foram anos dif\u00edceis, os do ex\u00edlio. As hist\u00f3rias que se seguem, d\u00e3o conta disso. Sem alardes her\u00f3icos, sem falsas mod\u00e9stias. Hist\u00f3rias nuas e cruas de uma gera\u00e7\u00e3o que n\u00e3o pactuou com o regime fascista nem com a guerra colonial.&nbsp;&nbsp; Quem escreveu este livro, s\u00e3o homens e mulheres que participaram de forma activa neste universo, actuando nos territ\u00f3rios de ex\u00edlio em coer\u00eancia com a sua op\u00e7\u00e3o de recusar umas for\u00e7as armadas, envolvidas na guerra colonial e, simultaneamente, junto das comunidades emigradas na Europa, denunciando a car\u00e1cter fascista e colonialista do governo portugu\u00eas.&nbsp;&nbsp; As mulheres t\u00eam aqui um lugar especial. N\u00e3o sendo naturalmente \u201cdesertoras\u201d do ex\u00e9rcito, pautaram a sua condi\u00e7\u00e3o de exiladas, numa escolha que foi sua, por uma interven\u00e7\u00e3o militante muito pr\u00f3xima dos desertores e refract\u00e1rios. Os seus testemunhos completam e revisitam muito daquilo que os seus camaradas e companheiros de ent\u00e3o, nos relatam nos seus textos. Ler o que aqui se conta, permite-nos superar a mera enuncia\u00e7\u00e3o das escolhas pol\u00edticas, partilhadas por todos e comuns a tantos outros jovens, que escolheram a via do ex\u00edlio para n\u00e3o fazer a guerra e continuar o combate. Reconhecendo o seu quotidiano e, atrav\u00e9s desse conhecimento, poder confirmar que o caminho que escolheram n\u00e3o foi o mais f\u00e1cil. Foi uma gera\u00e7\u00e3o que saiu, para voltar, com a ideia de poder derrubar um regime podre e repressivo, policial e agressor. Uma gera\u00e7\u00e3o anti-militarista, nem sempre compreendida pelos militares que fizeram a revolu\u00e7\u00e3o, para quem a deser\u00e7\u00e3o foi um assunto \u201ctabu\u201d. De facto, quando na noite do 25 de Abril, vimos nas televis\u00f5es europeias as imagens da Junta de Salva\u00e7\u00e3o Nacional, tememos o pior. Aquelas figuras fardadas, de \u00f3culos escuros, recordavam-nos situa\u00e7\u00f5es semelhantes de outros golpes militares noutros continentes. Mas, n\u00e3o foi assim. Este livro \u00e9 tamb\u00e9m a prova de que n\u00e3o foi assim. 25 de Abril, sempre!<\/p>\n\n\n\n<p>AUTORES EX\u00cdLIOS N\u00ba 1<br>Ana Rosenheim, Ant\u00f3nio Paiva, Carlos Estev\u00e3o, Carlos Neves, Carlos Ribeiro, Fernando Cardeira, Fernando Cardoso, H\u00e9lder Mateus da Costa, Irene Pimentel, Joaquim Saraiva, Jorge Leit\u00e3o, Jos\u00e9 Torres, Manuel Branco, Maria Irene Martins, Merita Andrade, Rui Bebiano, Rui Guimar\u00e3es, Rui Mota, Teresa Couto, Teresa Perdig\u00e3o, Tino Flores e Vasco Martins.<\/p>\n\n\n\n<p><em>Texto : Fernando Cardoso<\/em><\/p>\n\n\n\n<p><strong>Sess\u00f5es de apresenta\u00e7\u00e3o do livro Ex\u00edlios 2016:<\/strong><\/p>\n\n\n\n<p>&#8211; <strong>Loul\u00e9, 23 de Abril<\/strong>, 15h30, Biblioteca Sophia Melo Breyner.<\/p>\n\n\n\n<p>&#8211; <strong>Lagos, 26 de Abril<\/strong>, 21h00, Biblioteca Municipal.<\/p>\n\n\n\n<p>&#8211; <strong>Fund\u00e3o, 28 de Abril<\/strong>, 19h00, Biblioteca Eug\u00e9nio de Andrade.<\/p>\n\n\n\n<p>&#8211; <strong>Vila Franca de Xira, 4 de Maio<\/strong>, 21h00 Junta de Freguesia.<\/p>\n\n\n\n<p>&#8211; <strong>Lisboa, 12 de Maio<\/strong>, AJA, 19h00, Rua de S. Bento, n\u00ba 170.<\/p>\n\n\n\n<p>&#8211; <strong>Porto 13 de Maio<\/strong>, UNICEPE ou da Associa\u00e7\u00e3o dos Jornalistas e Homens de Letras do Porto.<\/p>\n\n\n\n<p>&#8211; <strong>Aveiro 14 de Maio <\/strong>(local e definir)<\/p>\n\n\n\n<p>&#8211; <strong>Grenoble, 19 de Maio<\/strong>, 18H30, Maison de l&#8217;Internationale.<\/p>\n\n\n\n<p>&#8211; <strong>Paris, 21 de Maio<\/strong>, Lusofolie&#8217;s, 16h30, 57 Avenue Daumesnil (Metro Gare de Lyon).<\/p>\n\n\n\n<p>&#8211; <strong>Coimbra, <\/strong><strong>24 de Maio<\/strong>, 17h30. No Teatro Acad\u00e9mico Gil Vicente. Pra\u00e7a da Rep\u00fablica (cafetaria 1\u00ba andar)<\/p>\n\n\n\n<p>&#8211; <strong>Lisboa 25 de Maio<\/strong>, 19h00, Centro interculturacidade, Travessa do Convento de Jesus 16A, Lisboa.<\/p>\n\n\n\n<p>&#8211; <strong>Caparica 4 de Junho<\/strong>, 16h00, Biblioteca Maria Lamas<\/p>\n\n\n\n<p>&#8211; <strong>Estocolmo<\/strong>,<strong> 16 de Junho,<\/strong> Universidade de Estocolmo<\/p>\n\n\n\n<p>&#8211; <strong>Caldas da Rainha, 24 de Junho<\/strong>, Centro Cultural e de Congressos<\/p>\n\n\n\n<p>&#8211; <strong>Amesterd\u00e3o, 1 de Outubro<\/strong>, Associa\u00e7\u00e3o Portuguesa de Amesterd\u00e3o<\/p>\n\n\n\n<p>&#8211;<strong> Lisboa, 10 de Outubro<\/strong>, Ordem dos Engenheiros<\/p>\n\n\n\n<p>&#8211; <strong>Lisboa, 14 e 15 de Outubro<\/strong>, Casa do Alentejo, Confer\u00eancia Ex\u00edlios, Migra\u00e7\u00f5es e Associativismos na Europa do s\u00e9culo XX<\/p>\n\n\n\n<p>&#8211; <strong>Lisboa, 27 de Outubro<\/strong>, Col\u00f3quio &#8221; O (as)salto da Mem\u00f3ria&#8221;, Universidade Nova de Lisboa<\/p>\n\n\n\n<p>&#8211; <strong>Condeixa, 12 de Novembro<\/strong>, Biblioteca Municipal de Condeixa-a-Nova<\/p>\n\n\n\n<p><strong>Sess\u00f5es de apresenta\u00e7\u00e3o do livro Ex\u00edlios 2017:<\/strong><\/p>\n\n\n\n<p>&#8211; <strong>Cacilhas, 12 de Janeiro<\/strong>, Casa das Artes<\/p>\n\n\n\n<p>&#8211;<strong>Dudelange, Luxemburgo<\/strong>, 22 de Janeiro, Gare de Dudelange<\/p>\n\n\n\n<p>&#8211;<strong> Braga, 31 de Janeiro<\/strong>, Biblioteca L\u00facio Craveiro da Silva<\/p>\n\n\n\n<p><strong>Sess\u00f5es agendadas do livro Ex\u00edlios 2017:<\/strong><\/p>\n\n\n\n<p>&#8211; <strong>Lisboa, 11 de Abril<\/strong>, Museu do Aljube<\/p>\n\n\n\n<p>&#8211; <strong>Lisboa, 20 de Abril<\/strong>, Junta de Freguesia do Lumiar<\/p>\n\n\n\n<p>&#8211; <strong>Sines, 29 de Abril<\/strong>. Livraria A das Artes<\/p>\n\n\n\n<p>&#8211; <strong>Fanhais, 20 de Maio<\/strong>&#8230;<\/p>\n","protected":false},"excerpt":{"rendered":"<div class=\"mh-excerpt\"><p>@cvr| Texto Fernando Cardoso Nasceu este projecto de conversas entre amigos e antigos camaradas que pensaram ser importante dar a conhecer mem\u00f3rias e hist\u00f3rias do seu ex\u00edlio. Um projecto t\u00e3o antigo como o 25 de <a class=\"mh-excerpt-more\" href=\"http:\/\/aep61-74.org\/index.php\/2020\/08\/16\/livros-exilios-foram-producao-coletiva-de-ex-exilados\/\" title=\"EX\u00cdLIOS | Livros foram produ\u00e7\u00e3o coletiva de ex-exilados\">[&#8230;]<\/a><\/p>\n<\/div>","protected":false},"author":1,"featured_media":220,"comment_status":"closed","ping_status":"closed","sticky":false,"template":"","format":"standard","meta":{"rop_custom_images_group":[],"rop_custom_messages_group":[],"rop_publish_now":"initial","rop_publish_now_accounts":[],"rop_publish_now_history":[],"rop_publish_now_status":"pending","footnotes":""},"categories":[242],"tags":[21],"class_list":{"0":"post-1767","1":"post","2":"type-post","3":"status-publish","4":"format-standard","5":"has-post-thumbnail","7":"category-publicacoes","8":"tag-livros-exilios"},"_links":{"self":[{"href":"http:\/\/aep61-74.org\/index.php\/wp-json\/wp\/v2\/posts\/1767","targetHints":{"allow":["GET"]}}],"collection":[{"href":"http:\/\/aep61-74.org\/index.php\/wp-json\/wp\/v2\/posts"}],"about":[{"href":"http:\/\/aep61-74.org\/index.php\/wp-json\/wp\/v2\/types\/post"}],"author":[{"embeddable":true,"href":"http:\/\/aep61-74.org\/index.php\/wp-json\/wp\/v2\/users\/1"}],"replies":[{"embeddable":true,"href":"http:\/\/aep61-74.org\/index.php\/wp-json\/wp\/v2\/comments?post=1767"}],"version-history":[{"count":3,"href":"http:\/\/aep61-74.org\/index.php\/wp-json\/wp\/v2\/posts\/1767\/revisions"}],"predecessor-version":[{"id":1846,"href":"http:\/\/aep61-74.org\/index.php\/wp-json\/wp\/v2\/posts\/1767\/revisions\/1846"}],"wp:featuredmedia":[{"embeddable":true,"href":"http:\/\/aep61-74.org\/index.php\/wp-json\/wp\/v2\/media\/220"}],"wp:attachment":[{"href":"http:\/\/aep61-74.org\/index.php\/wp-json\/wp\/v2\/media?parent=1767"}],"wp:term":[{"taxonomy":"category","embeddable":true,"href":"http:\/\/aep61-74.org\/index.php\/wp-json\/wp\/v2\/categories?post=1767"},{"taxonomy":"post_tag","embeddable":true,"href":"http:\/\/aep61-74.org\/index.php\/wp-json\/wp\/v2\/tags?post=1767"}],"curies":[{"name":"wp","href":"https:\/\/api.w.org\/{rel}","templated":true}]}}