{"id":1791,"date":"2020-08-16T02:59:43","date_gmt":"2020-08-16T02:59:43","guid":{"rendered":"http:\/\/aep61-74.org\/?p=1791"},"modified":"2021-09-24T08:13:44","modified_gmt":"2021-09-24T08:13:44","slug":"as-apresentacoes-dos-livros-exilios-foram-noticia","status":"publish","type":"post","link":"http:\/\/aep61-74.org\/index.php\/2020\/08\/16\/as-apresentacoes-dos-livros-exilios-foram-noticia\/","title":{"rendered":"EX\u00cdLIOS | Apresenta\u00e7\u00f5es dos Livros foram not\u00edcia"},"content":{"rendered":"\n<p>@cvr | Livros Ex\u00edlios | Apresenta\u00e7\u00f5es p\u00fablicas<\/p>\n\n\n\n<figure class=\"wp-block-image size-large\"><img loading=\"lazy\" decoding=\"async\" width=\"976\" height=\"716\" src=\"http:\/\/aep61-74.org\/wp-content\/uploads\/2016\/10\/programafinal_Page_1.jpg\" alt=\"\" class=\"wp-image-1262\" srcset=\"http:\/\/aep61-74.org\/wp-content\/uploads\/2016\/10\/programafinal_Page_1.jpg 976w, http:\/\/aep61-74.org\/wp-content\/uploads\/2016\/10\/programafinal_Page_1-300x220.jpg 300w, http:\/\/aep61-74.org\/wp-content\/uploads\/2016\/10\/programafinal_Page_1-768x563.jpg 768w, http:\/\/aep61-74.org\/wp-content\/uploads\/2016\/10\/programafinal_Page_1-204x150.jpg 204w, http:\/\/aep61-74.org\/wp-content\/uploads\/2016\/10\/programafinal_Page_1-150x110.jpg 150w\" sizes=\"auto, (max-width: 976px) 100vw, 976px\" \/><\/figure>\n\n\n\n<p>Apresenta\u00e7\u00e3o no Lumiar | Junta de Freguesia <\/p>\n\n\n\n<figure class=\"wp-block-image size-large\"><img loading=\"lazy\" decoding=\"async\" width=\"1024\" height=\"721\" src=\"http:\/\/aep61-74.org\/wp-content\/uploads\/2018\/04\/APPLUMIAR-co\u0301pia-co\u0301pia-1024x721.jpg\" alt=\"\" class=\"wp-image-1505\" srcset=\"http:\/\/aep61-74.org\/wp-content\/uploads\/2018\/04\/APPLUMIAR-co\u0301pia-co\u0301pia-1024x721.jpg 1024w, http:\/\/aep61-74.org\/wp-content\/uploads\/2018\/04\/APPLUMIAR-co\u0301pia-co\u0301pia-300x211.jpg 300w, http:\/\/aep61-74.org\/wp-content\/uploads\/2018\/04\/APPLUMIAR-co\u0301pia-co\u0301pia-768x541.jpg 768w, http:\/\/aep61-74.org\/wp-content\/uploads\/2018\/04\/APPLUMIAR-co\u0301pia-co\u0301pia-213x150.jpg 213w, http:\/\/aep61-74.org\/wp-content\/uploads\/2018\/04\/APPLUMIAR-co\u0301pia-co\u0301pia-150x106.jpg 150w, http:\/\/aep61-74.org\/wp-content\/uploads\/2018\/04\/APPLUMIAR-co\u0301pia-co\u0301pia.jpg 1194w\" sizes=\"auto, (max-width: 1024px) 100vw, 1024px\" \/><\/figure>\n\n\n\n<p>Col\u00f3quio Internacional<\/p>\n\n\n\n<figure class=\"wp-block-image size-large\"><img loading=\"lazy\" decoding=\"async\" width=\"500\" height=\"331\" src=\"http:\/\/aep61-74.org\/wp-content\/uploads\/2016\/11\/2016-Colo\u0301quio-Un-Nova-55.jpg\" alt=\"\" class=\"wp-image-1384\" srcset=\"http:\/\/aep61-74.org\/wp-content\/uploads\/2016\/11\/2016-Colo\u0301quio-Un-Nova-55.jpg 500w, http:\/\/aep61-74.org\/wp-content\/uploads\/2016\/11\/2016-Colo\u0301quio-Un-Nova-55-300x199.jpg 300w, http:\/\/aep61-74.org\/wp-content\/uploads\/2016\/11\/2016-Colo\u0301quio-Un-Nova-55-227x150.jpg 227w, http:\/\/aep61-74.org\/wp-content\/uploads\/2016\/11\/2016-Colo\u0301quio-Un-Nova-55-150x99.jpg 150w\" sizes=\"auto, (max-width: 500px) 100vw, 500px\" \/><\/figure>\n\n\n\n<p>A divulga\u00e7\u00e3o do Ex\u00edlios 2<\/p>\n\n\n\n<figure class=\"wp-block-image size-large\"><img loading=\"lazy\" decoding=\"async\" width=\"1024\" height=\"736\" src=\"http:\/\/aep61-74.org\/wp-content\/uploads\/2018\/02\/APRSEXI\u0301LOIS.2-co\u0301pia-1024x736.jpg\" alt=\"\" class=\"wp-image-1450\" srcset=\"http:\/\/aep61-74.org\/wp-content\/uploads\/2018\/02\/APRSEXI\u0301LOIS.2-co\u0301pia-1024x736.jpg 1024w, http:\/\/aep61-74.org\/wp-content\/uploads\/2018\/02\/APRSEXI\u0301LOIS.2-co\u0301pia-300x216.jpg 300w, http:\/\/aep61-74.org\/wp-content\/uploads\/2018\/02\/APRSEXI\u0301LOIS.2-co\u0301pia-768x552.jpg 768w, http:\/\/aep61-74.org\/wp-content\/uploads\/2018\/02\/APRSEXI\u0301LOIS.2-co\u0301pia-209x150.jpg 209w, http:\/\/aep61-74.org\/wp-content\/uploads\/2018\/02\/APRSEXI\u0301LOIS.2-co\u0301pia-150x108.jpg 150w, http:\/\/aep61-74.org\/wp-content\/uploads\/2018\/02\/APRSEXI\u0301LOIS.2-co\u0301pia.jpg 1252w\" sizes=\"auto, (max-width: 1024px) 100vw, 1024px\" \/><\/figure>\n\n\n\n<h4 class=\"wp-block-heading\">A AEP61-74 CONVIDA<\/h4>\n\n\n\n<p>A calendariza\u00e7\u00e3o das apresenta\u00e7\u00f5es divulgadas em simult\u00e2neo<\/p>\n\n\n\n<figure class=\"wp-block-image\"><img loading=\"lazy\" decoding=\"async\" width=\"2480\" height=\"1746\" src=\"http:\/\/aep61-74.org\/wp-content\/uploads\/2016\/04\/CONVITESportugal.jpg\" alt=\"CONVITESportugal\" class=\"wp-image-1215\" srcset=\"http:\/\/aep61-74.org\/wp-content\/uploads\/2016\/04\/CONVITESportugal.jpg 2480w, http:\/\/aep61-74.org\/wp-content\/uploads\/2016\/04\/CONVITESportugal-300x211.jpg 300w, http:\/\/aep61-74.org\/wp-content\/uploads\/2016\/04\/CONVITESportugal-768x541.jpg 768w, http:\/\/aep61-74.org\/wp-content\/uploads\/2016\/04\/CONVITESportugal-1024x721.jpg 1024w, http:\/\/aep61-74.org\/wp-content\/uploads\/2016\/04\/CONVITESportugal-213x150.jpg 213w, http:\/\/aep61-74.org\/wp-content\/uploads\/2016\/04\/CONVITESportugal-150x106.jpg 150w\" sizes=\"auto, (max-width: 2480px) 100vw, 2480px\" \/><\/figure>\n\n\n\n<figure class=\"wp-block-image size-large\"><img loading=\"lazy\" decoding=\"async\" width=\"725\" height=\"1024\" src=\"http:\/\/aep61-74.org\/wp-content\/uploads\/2016\/10\/PROGRAMA-DEFINITIVO-Exilios-Migrac\u0327oes-Associativismos_Page_1-725x1024.jpg\" alt=\"\" class=\"wp-image-1257\" srcset=\"http:\/\/aep61-74.org\/wp-content\/uploads\/2016\/10\/PROGRAMA-DEFINITIVO-Exilios-Migrac\u0327oes-Associativismos_Page_1-725x1024.jpg 725w, http:\/\/aep61-74.org\/wp-content\/uploads\/2016\/10\/PROGRAMA-DEFINITIVO-Exilios-Migrac\u0327oes-Associativismos_Page_1-212x300.jpg 212w, http:\/\/aep61-74.org\/wp-content\/uploads\/2016\/10\/PROGRAMA-DEFINITIVO-Exilios-Migrac\u0327oes-Associativismos_Page_1-768x1085.jpg 768w, http:\/\/aep61-74.org\/wp-content\/uploads\/2016\/10\/PROGRAMA-DEFINITIVO-Exilios-Migrac\u0327oes-Associativismos_Page_1-106x150.jpg 106w, http:\/\/aep61-74.org\/wp-content\/uploads\/2016\/10\/PROGRAMA-DEFINITIVO-Exilios-Migrac\u0327oes-Associativismos_Page_1.jpg 1241w\" sizes=\"auto, (max-width: 725px) 100vw, 725px\" \/><\/figure>\n\n\n\n<figure class=\"wp-block-image size-large\"><img loading=\"lazy\" decoding=\"async\" width=\"725\" height=\"1024\" src=\"http:\/\/aep61-74.org\/wp-content\/uploads\/2016\/10\/PROGRAMA-DEFINITIVO-Exilios-Migrac\u0327oes-Associativismos_Page_2-725x1024.jpg\" alt=\"\" class=\"wp-image-1258\" srcset=\"http:\/\/aep61-74.org\/wp-content\/uploads\/2016\/10\/PROGRAMA-DEFINITIVO-Exilios-Migrac\u0327oes-Associativismos_Page_2-725x1024.jpg 725w, http:\/\/aep61-74.org\/wp-content\/uploads\/2016\/10\/PROGRAMA-DEFINITIVO-Exilios-Migrac\u0327oes-Associativismos_Page_2-212x300.jpg 212w, http:\/\/aep61-74.org\/wp-content\/uploads\/2016\/10\/PROGRAMA-DEFINITIVO-Exilios-Migrac\u0327oes-Associativismos_Page_2-768x1085.jpg 768w, http:\/\/aep61-74.org\/wp-content\/uploads\/2016\/10\/PROGRAMA-DEFINITIVO-Exilios-Migrac\u0327oes-Associativismos_Page_2-106x150.jpg 106w, http:\/\/aep61-74.org\/wp-content\/uploads\/2016\/10\/PROGRAMA-DEFINITIVO-Exilios-Migrac\u0327oes-Associativismos_Page_2.jpg 1241w\" sizes=\"auto, (max-width: 725px) 100vw, 725px\" \/><\/figure>\n\n\n\n<figure class=\"wp-block-image size-large\"><img loading=\"lazy\" decoding=\"async\" width=\"500\" height=\"331\" src=\"http:\/\/aep61-74.org\/wp-content\/uploads\/2016\/11\/2016-Colo\u0301quio-Un-Nova-73.jpg\" alt=\"\" class=\"wp-image-1388\" srcset=\"http:\/\/aep61-74.org\/wp-content\/uploads\/2016\/11\/2016-Colo\u0301quio-Un-Nova-73.jpg 500w, http:\/\/aep61-74.org\/wp-content\/uploads\/2016\/11\/2016-Colo\u0301quio-Un-Nova-73-300x199.jpg 300w, http:\/\/aep61-74.org\/wp-content\/uploads\/2016\/11\/2016-Colo\u0301quio-Un-Nova-73-227x150.jpg 227w, http:\/\/aep61-74.org\/wp-content\/uploads\/2016\/11\/2016-Colo\u0301quio-Un-Nova-73-150x99.jpg 150w\" sizes=\"auto, (max-width: 500px) 100vw, 500px\" \/><\/figure>\n\n\n\n<h5 class=\"wp-block-heading\"><strong><a href=\"http:\/\/aep61-74.org\/wp-content\/uploads\/2018\/04\/programamisericordia.png\" target=\"_blank\" rel=\"noreferrer noopener\">30 de Abril, apresenta\u00e7\u00e3o de Ex\u00edlios.2 no Centro Interculturacidade<\/a><\/strong> integrado nas comemora\u00e7\u00f5es do 25 de Abril da Junta de Freguesia da Miseric\u00f3rdia<\/h5>\n\n\n\n<h5 class=\"wp-block-heading\"><strong><a href=\"http:\/\/aep61-74.org\/wp-content\/uploads\/2018\/04\/APPLUMIAR-c\u00f3pia-c\u00f3pia.jpg\" target=\"_blank\" rel=\"noreferrer noopener\">27 de Abril, Apresenta\u00e7\u00e3o de Ex\u00edlios.2 na Junta de Freguesia do Lumiar<\/a><\/strong> e exposi\u00e7\u00e3o documental sobre os Comit\u00e9s de Desertores Portugueses na Europa<\/h5>\n","protected":false},"excerpt":{"rendered":"<div class=\"mh-excerpt\"><p>@cvr | Livros Ex\u00edlios | Apresenta\u00e7\u00f5es p\u00fablicas Apresenta\u00e7\u00e3o no Lumiar | Junta de Freguesia Col\u00f3quio Internacional A divulga\u00e7\u00e3o do Ex\u00edlios 2 A AEP61-74 CONVIDA A calendariza\u00e7\u00e3o das apresenta\u00e7\u00f5es divulgadas em simult\u00e2neo 30 de Abril, apresenta\u00e7\u00e3o <a class=\"mh-excerpt-more\" href=\"http:\/\/aep61-74.org\/index.php\/2020\/08\/16\/as-apresentacoes-dos-livros-exilios-foram-noticia\/\" title=\"EX\u00cdLIOS | Apresenta\u00e7\u00f5es dos Livros foram not\u00edcia\">[&#8230;]<\/a><\/p>\n<\/div>","protected":false},"author":1,"featured_media":1382,"comment_status":"closed","ping_status":"closed","sticky":false,"template":"","format":"standard","meta":{"rop_custom_images_group":[],"rop_custom_messages_group":[],"rop_publish_now":"initial","rop_publish_now_accounts":[],"rop_publish_now_history":[],"rop_publish_now_status":"pending","footnotes":""},"categories":[243,242,1],"tags":[21],"class_list":{"0":"post-1791","1":"post","2":"type-post","3":"status-publish","4":"format-standard","5":"has-post-thumbnail","7":"category-informacoes","8":"category-publicacoes","9":"category-uncategorized","10":"tag-livros-exilios"},"_links":{"self":[{"href":"http:\/\/aep61-74.org\/index.php\/wp-json\/wp\/v2\/posts\/1791","targetHints":{"allow":["GET"]}}],"collection":[{"href":"http:\/\/aep61-74.org\/index.php\/wp-json\/wp\/v2\/posts"}],"about":[{"href":"http:\/\/aep61-74.org\/index.php\/wp-json\/wp\/v2\/types\/post"}],"author":[{"embeddable":true,"href":"http:\/\/aep61-74.org\/index.php\/wp-json\/wp\/v2\/users\/1"}],"replies":[{"embeddable":true,"href":"http:\/\/aep61-74.org\/index.php\/wp-json\/wp\/v2\/comments?post=1791"}],"version-history":[{"count":8,"href":"http:\/\/aep61-74.org\/index.php\/wp-json\/wp\/v2\/posts\/1791\/revisions"}],"predecessor-version":[{"id":1844,"href":"http:\/\/aep61-74.org\/index.php\/wp-json\/wp\/v2\/posts\/1791\/revisions\/1844"}],"wp:featuredmedia":[{"embeddable":true,"href":"http:\/\/aep61-74.org\/index.php\/wp-json\/wp\/v2\/media\/1382"}],"wp:attachment":[{"href":"http:\/\/aep61-74.org\/index.php\/wp-json\/wp\/v2\/media?parent=1791"}],"wp:term":[{"taxonomy":"category","embeddable":true,"href":"http:\/\/aep61-74.org\/index.php\/wp-json\/wp\/v2\/categories?post=1791"},{"taxonomy":"post_tag","embeddable":true,"href":"http:\/\/aep61-74.org\/index.php\/wp-json\/wp\/v2\/tags?post=1791"}],"curies":[{"name":"wp","href":"https:\/\/api.w.org\/{rel}","templated":true}]}}