{"id":2093,"date":"2020-10-04T19:12:52","date_gmt":"2020-10-04T19:12:52","guid":{"rendered":"http:\/\/aep61-74.org\/?p=2093"},"modified":"2021-09-24T08:10:15","modified_gmt":"2021-09-24T08:10:15","slug":"ecos-uma-exposicao-virtual","status":"publish","type":"post","link":"http:\/\/aep61-74.org\/index.php\/2020\/10\/04\/ecos-uma-exposicao-virtual\/","title":{"rendered":"#ECOS | Uma exposi\u00e7\u00e3o virtual"},"content":{"rendered":"\n<p><span class=\"has-inline-color has-vivid-red-color\">Sem Fronteiras<\/span> | 4 de outubro 2020 | #ECOS &#8211; divulga\u00e7\u00e3o | Coopera\u00e7\u00e3o| O projeto #ECOS, uma iniciativa do <a href=\"https:\/\/www.facebook.com\/cria.centroemredeinvestigacaoantropologia\/\">CRIA-Centro em Rede de Investiga\u00e7\u00e3o em Antropologia <\/a>que \u00e9 dinamizado por uma parceria europeia e financiado pelos Programa Europa para os Cidad\u00e3os promoveu no \u00e2mbito das Jornadas Europeias do Patrim\u00f3nio, ocorridas entre 25 e 27 de setembro, uma  exposi\u00e7\u00e3o virtual <em><a href=\"https:\/\/ecosexilios-cria.org\/\">#ECOS<\/a>. Contrariar Sil\u00eancios<\/em> da qual damos nota atrav\u00e9s da informa\u00e7\u00e3o dos promotores.<\/p>\n\n\n\n<h4 class=\"wp-block-heading\">Percurso expositivo em tr\u00eas eixos<\/h4>\n\n\n\n<p>Privilegiando a rela\u00e7\u00e3o Patrim\u00f3nio e Escolas, a exposi\u00e7\u00e3o pretende interrogar a mem\u00f3ria do ex\u00edlio portugu\u00eas na Europa a partir de documentos, objetos e testemunhos que narram, representam e exibem o percurso que milhares de portugueses empreenderam nos anos 60 e 70 do s\u00e9c. XX. O percurso expositivo organiza-se, depois da apresenta\u00e7\u00e3o, em tr\u00eas eixos tem\u00e1ticos:<\/p>\n\n\n\n<figure class=\"wp-block-pullquote\"><blockquote><p><a href=\"https:\/\/ecos.cargo.site\/1-Apresentacao\">Apresenta\u00e7\u00e3o<\/a><\/p><\/blockquote><\/figure>\n\n\n\n<figure class=\"wp-block-pullquote\"><blockquote><p>&nbsp;&nbsp;<a href=\"https:\/\/ecos.cargo.site\/2-Ecos-do-Passado\">#ECOS do Passado<\/a>&nbsp;<\/p><\/blockquote><\/figure>\n\n\n\n<figure class=\"wp-block-pullquote\"><blockquote><p><a href=\"https:\/\/ecos.cargo.site\/3-Ecos-no-Presente\">&nbsp;#ECOS no Presente &nbsp;<\/a><\/p><\/blockquote><\/figure>\n\n\n\n<figure class=\"wp-block-pullquote\"><blockquote><p><a href=\"https:\/\/ecos.cargo.site\/4-Ecos-nas-Escolas\">#ECOS nas Escolas<\/a><\/p><\/blockquote><\/figure>\n\n\n\n<h4 class=\"wp-block-heading\">Contribuir para o debate<\/h4>\n\n\n\n<p>A exposi\u00e7\u00e3o, tal como o projecto, pretendem contribuir para o debate p\u00fablico europeu sobre o ex\u00edlio, as migra\u00e7\u00f5es e a mobilidade em geral.<\/p>\n\n\n\n<p class=\"has-text-align-center\">Visitar a exposi\u00e7\u00e3o <a href=\"https:\/\/ecos.cargo.site\">EXPOSI\u00c7\u00c3O VIRTUAL<\/a><\/p>\n\n\n\n<div class=\"wp-block-image\"><figure class=\"aligncenter size-large\"><img loading=\"lazy\" decoding=\"async\" width=\"724\" height=\"1024\" src=\"http:\/\/aep61-74.org\/wp-content\/uploads\/2020\/10\/cartaz-expo-virtual-724x1024.jpg\" alt=\"\" class=\"wp-image-2094\" srcset=\"http:\/\/aep61-74.org\/wp-content\/uploads\/2020\/10\/cartaz-expo-virtual-724x1024.jpg 724w, http:\/\/aep61-74.org\/wp-content\/uploads\/2020\/10\/cartaz-expo-virtual-212x300.jpg 212w, http:\/\/aep61-74.org\/wp-content\/uploads\/2020\/10\/cartaz-expo-virtual-768x1086.jpg 768w, http:\/\/aep61-74.org\/wp-content\/uploads\/2020\/10\/cartaz-expo-virtual-1086x1536.jpg 1086w, http:\/\/aep61-74.org\/wp-content\/uploads\/2020\/10\/cartaz-expo-virtual.jpg 1240w\" sizes=\"auto, (max-width: 724px) 100vw, 724px\" \/><figcaption>Cartaz da exposi\u00e7\u00e3o<\/figcaption><\/figure><\/div>\n\n\n\n<p><br><\/p>\n","protected":false},"excerpt":{"rendered":"<div class=\"mh-excerpt\"><p>Sem Fronteiras | 4 de outubro 2020 | #ECOS &#8211; divulga\u00e7\u00e3o | Coopera\u00e7\u00e3o| O projeto #ECOS, uma iniciativa do CRIA-Centro em Rede de Investiga\u00e7\u00e3o em Antropologia que \u00e9 dinamizado por uma parceria europeia e financiado <a class=\"mh-excerpt-more\" href=\"http:\/\/aep61-74.org\/index.php\/2020\/10\/04\/ecos-uma-exposicao-virtual\/\" title=\"#ECOS | Uma exposi\u00e7\u00e3o virtual\">[&#8230;]<\/a><\/p>\n<\/div>","protected":false},"author":1,"featured_media":2097,"comment_status":"closed","ping_status":"closed","sticky":false,"template":"","format":"standard","meta":{"rop_custom_images_group":[],"rop_custom_messages_group":[],"rop_publish_now":"initial","rop_publish_now_accounts":[],"rop_publish_now_history":[],"rop_publish_now_status":"pending","footnotes":""},"categories":[238,244,1],"tags":[152],"class_list":{"0":"post-2093","1":"post","2":"type-post","3":"status-publish","4":"format-standard","5":"has-post-thumbnail","7":"category-ecos","8":"category-projetos","9":"category-uncategorized","10":"tag-exposicao-virtual"},"_links":{"self":[{"href":"http:\/\/aep61-74.org\/index.php\/wp-json\/wp\/v2\/posts\/2093","targetHints":{"allow":["GET"]}}],"collection":[{"href":"http:\/\/aep61-74.org\/index.php\/wp-json\/wp\/v2\/posts"}],"about":[{"href":"http:\/\/aep61-74.org\/index.php\/wp-json\/wp\/v2\/types\/post"}],"author":[{"embeddable":true,"href":"http:\/\/aep61-74.org\/index.php\/wp-json\/wp\/v2\/users\/1"}],"replies":[{"embeddable":true,"href":"http:\/\/aep61-74.org\/index.php\/wp-json\/wp\/v2\/comments?post=2093"}],"version-history":[{"count":7,"href":"http:\/\/aep61-74.org\/index.php\/wp-json\/wp\/v2\/posts\/2093\/revisions"}],"predecessor-version":[{"id":2103,"href":"http:\/\/aep61-74.org\/index.php\/wp-json\/wp\/v2\/posts\/2093\/revisions\/2103"}],"wp:featuredmedia":[{"embeddable":true,"href":"http:\/\/aep61-74.org\/index.php\/wp-json\/wp\/v2\/media\/2097"}],"wp:attachment":[{"href":"http:\/\/aep61-74.org\/index.php\/wp-json\/wp\/v2\/media?parent=2093"}],"wp:term":[{"taxonomy":"category","embeddable":true,"href":"http:\/\/aep61-74.org\/index.php\/wp-json\/wp\/v2\/categories?post=2093"},{"taxonomy":"post_tag","embeddable":true,"href":"http:\/\/aep61-74.org\/index.php\/wp-json\/wp\/v2\/tags?post=2093"}],"curies":[{"name":"wp","href":"https:\/\/api.w.org\/{rel}","templated":true}]}}