{"id":3331,"date":"2021-04-04T19:38:46","date_gmt":"2021-04-04T19:38:46","guid":{"rendered":"http:\/\/aep61-74.org\/?p=3331"},"modified":"2021-09-24T07:55:37","modified_gmt":"2021-09-24T07:55:37","slug":"projeto-paz-e-liberdade-fui-ao-abril-da-celeste","status":"publish","type":"post","link":"http:\/\/aep61-74.org\/index.php\/2021\/04\/04\/projeto-paz-e-liberdade-fui-ao-abril-da-celeste\/","title":{"rendered":"PROJETO PAZ E LIBERDADE  |  Fui ao Abril da Celeste!"},"content":{"rendered":"\n<p>SF | INICIATIVAS AEP61\/74<\/p>\n\n\n\n<p><strong>Com cinco outras institui\u00e7\u00f5es de outros tantos pa\u00edses europeus, Espanha, It\u00e1lia, Pol\u00f3nia, Rep\u00fablica Checa e Pa\u00edses Baixos, a AEP61\/74 vai dinamizar um conjunto de iniciativas no quadro do projeto PAZ E LIBERDADE, denominado a n\u00edvel europeu <a href=\"http:\/\/aep61-74.org\/index.php\/2021\/03\/07\/projeto-total-peace-valoriza-personagens-da-liberdade-e-da-paz\/\">TOTAL PEACE<\/a>.<\/strong><\/p>\n\n\n\n<p>O projeto organiza-se em torno de<strong> uma tripla articula\u00e7\u00e3o: uma flor, uma figura hist\u00f3rica e uma data<\/strong>. A figura central em Portugal \u00e9 a Celeste Caeiro que distribuiu cravos no dia 25 de abril 1974 pelos soldados e esteve na origem do gesto conhecido de todos da coloca\u00e7\u00e3o simb\u00f3lica de cravos nas espingardas dos militares que ocuparam, no Dia da Liberdade,  a \u00e1rea central da cidade de Lisboa. <\/p>\n\n\n\n<p>Cravo, Celeste Caeiro e 25 de Abril v\u00e3o ser a base de uma abordagem pedag\u00f3gica sobre a n\u00e3o-viol\u00eancia nos processos de mudan\u00e7a radical nas sociedades destes pa\u00edses europeus no s\u00e9culo XX.<\/p>\n\n\n\n<p>De imediato v\u00e3o ser organizadas a\u00e7\u00f5es no quadro das Jornadas de Abril pr\u00f3ximo com este lema &#8220;Fui ao Abril da Celeste!&#8221;<\/p>\n\n\n\n<p>O programa para estas jornadas de 23, 24 e 25 de abril 2021 tem os seguintes contornos:<\/p>\n\n\n\n<h3 class=\"wp-block-heading\">PROGRAMA&nbsp;<\/h3>\n\n\n\n<p>O evento que ser\u00e1 organizado em Portugal, mais concretamente em Lisboa, no quadro do projeto TOTAL\u00a0PEACE,  ter\u00e1\u00a0a seguinte estrutura e sequ\u00eancia de atividades:\u00a0<\/p>\n\n\n\n<p>1 \u2013 As atividades ir\u00e3o decorrer nos dias 23, 24 e 25 de abril de 2021&nbsp;<\/p>\n\n\n\n<p>2 \u2013 A programa\u00e7\u00e3o de eventos ser\u00e1 sempre da parte da tarde apesar de algumas iniciativas funcionarem no site da AEP61-74 de forma permanente&nbsp;<\/p>\n\n\n\n<p>3 \u2013 Algumas atividades ser\u00e3o realizadas&nbsp;presencialmente&nbsp; e&nbsp;outras a dist\u00e2ncia atrav\u00e9s das plataformas digitais&nbsp;<\/p>\n\n\n\n<p>4 \u2013 Apesar dos eventos ocorrerem em Lisboa, atendendo ao facto de n\u00e3o ser poss\u00edvel a participa\u00e7\u00e3o direta dos parceiros dos restantes 5 pa\u00edses, por raz\u00f5es relacionadas com a pandemia de COVID-19, ser\u00e3o solicitadas pequenas iniciativas que poder\u00e3o ser concretizadas em cada um desses 5 pa\u00edses\u00a0de\u00a0 forma\u00a0a garantir uma intera\u00e7\u00e3o europeia mais intensa para al\u00e9m da partilha na comunica\u00e7\u00e3o digital.\u00a0<\/p>\n\n\n\n<h3 class=\"wp-block-heading\"><strong>ATIVIDADES<\/strong><\/h3>\n\n\n\n<p><span class=\"has-inline-color has-vivid-red-color\"><strong>EXPOSI\u00c7\u00c3O VIRTUAL | 61-74\u00a0<\/strong><\/span><\/p>\n\n\n\n<p>Uma exposi\u00e7\u00e3o que ter\u00e1 uma sess\u00e3o de lan\u00e7amento online e que ficar\u00e1 dispon\u00edvel para consulta e visita em espa\u00e7os digitais diversos. A sua base \u00e9 a fotografia, o v\u00eddeo, a literatura, a pintura e a poesia.&nbsp;<\/p>\n\n\n\n<p><span class=\"has-inline-color has-vivid-red-color\"><strong>ENCONTROS IMAGIN\u00c1RIOS | Especial 25 de Abril\u00a0<\/strong>\u00a0<\/span><\/p>\n\n\n\n<p>Um Encontro Imagin\u00e1rio dinamizado na base do modelo da A BARRACA que se realiza no&nbsp;Cinearte&nbsp; com&nbsp;personagens ligadas ao 25 de abril. Salgueiro Maia, Ka\u00falza Arriaga e Maria Veleda s\u00e3o as personagens cujos di\u00e1logos foram atualizados,&nbsp;<\/p>\n\n\n\n<p><strong><span class=\"has-inline-color has-vivid-red-color\">ENCONTRO-OFICINA | Narrativas autobiogr\u00e1ficas\u00a0<\/span><\/strong>\u00a0<\/p>\n\n\n\n<p>Uma sess\u00e3o que se realizar\u00e1 online que ter\u00e1 dois per\u00edodos distintos&nbsp;<\/p>\n\n\n\n<p>Primeiro per\u00edodo: encontro de autores \u2013 escritores de publica\u00e7\u00f5es ou de narrativas autobiogr\u00e1ficas relacionadas com a paz e a liberdade.&nbsp;<\/p>\n\n\n\n<p>Segundo per\u00edodo: oficina da escrita com&nbsp;io&nbsp;tema Como escrever a sua autobiografia relacionada com a Paz e a Liberdade?&nbsp;<\/p>\n\n\n\n<p><span class=\"has-inline-color has-vivid-red-color\"><strong>PARADA CLOWN | Do Rossio at\u00e9 ao Carmo\u00a0<\/strong><\/span><\/p>\n\n\n\n<p>Um grupo de palha\u00e7os\/palha\u00e7as sociais anima uma parada (iniciativas de intera\u00e7\u00e3o em movimento) no percurso que Celeste Caeiro realizou no dia 25 de Abril \u2013 do Rossio at\u00e9 ao Carmo.&nbsp;<\/p>\n\n\n\n<p><span class=\"has-inline-color has-vivid-red-color\"><strong>5 CELESTES L\u00c1 FORA | Um cravo no meio da pra\u00e7a<\/strong>\u00a0<\/span><\/p>\n\n\n\n<p>Em cada uma das cidades nas quais os parceiros europeus est\u00e3o sediados uma figura teatral realizar\u00e1 uma pequena performance numa pra\u00e7a central com alus\u00e3o aos cravos e \u00e0 florista de Lisboa.&nbsp;<\/p>\n\n\n\n<figure class=\"wp-block-gallery columns-1 is-cropped wp-block-gallery-1 is-layout-flex wp-block-gallery-is-layout-flex\"><ul class=\"blocks-gallery-grid\"><li class=\"blocks-gallery-item\"><figure><img loading=\"lazy\" decoding=\"async\" width=\"1024\" height=\"553\" src=\"http:\/\/aep61-74.org\/wp-content\/uploads\/2021\/04\/programa-FAjC-1024x553.png\" alt=\"\" data-id=\"3332\" data-full-url=\"http:\/\/aep61-74.org\/wp-content\/uploads\/2021\/04\/programa-FAjC.png\" data-link=\"http:\/\/aep61-74.org\/?attachment_id=3332\" class=\"wp-image-3332\" srcset=\"http:\/\/aep61-74.org\/wp-content\/uploads\/2021\/04\/programa-FAjC-1024x553.png 1024w, http:\/\/aep61-74.org\/wp-content\/uploads\/2021\/04\/programa-FAjC-300x162.png 300w, http:\/\/aep61-74.org\/wp-content\/uploads\/2021\/04\/programa-FAjC-768x415.png 768w, http:\/\/aep61-74.org\/wp-content\/uploads\/2021\/04\/programa-FAjC.png 1231w\" sizes=\"auto, (max-width: 1024px) 100vw, 1024px\" \/><\/figure><\/li><\/ul><\/figure>\n","protected":false},"excerpt":{"rendered":"<div class=\"mh-excerpt\"><p>SF | INICIATIVAS AEP61\/74 Com cinco outras institui\u00e7\u00f5es de outros tantos pa\u00edses europeus, Espanha, It\u00e1lia, Pol\u00f3nia, Rep\u00fablica Checa e Pa\u00edses Baixos, a AEP61\/74 vai dinamizar um conjunto de iniciativas no quadro do projeto PAZ E <a class=\"mh-excerpt-more\" href=\"http:\/\/aep61-74.org\/index.php\/2021\/04\/04\/projeto-paz-e-liberdade-fui-ao-abril-da-celeste\/\" title=\"PROJETO PAZ E LIBERDADE  |  Fui ao Abril da Celeste!\">[&#8230;]<\/a><\/p>\n<\/div>","protected":false},"author":1,"featured_media":3333,"comment_status":"open","ping_status":"open","sticky":true,"template":"","format":"standard","meta":{"rop_custom_images_group":[],"rop_custom_messages_group":[],"rop_publish_now":"initial","rop_publish_now_accounts":[],"rop_publish_now_history":[],"rop_publish_now_status":"pending","footnotes":""},"categories":[244,188],"tags":[184],"class_list":{"0":"post-3331","1":"post","2":"type-post","3":"status-publish","4":"format-standard","5":"has-post-thumbnail","7":"category-projetos","8":"category-total-peace","9":"tag-total-peace"},"_links":{"self":[{"href":"http:\/\/aep61-74.org\/index.php\/wp-json\/wp\/v2\/posts\/3331","targetHints":{"allow":["GET"]}}],"collection":[{"href":"http:\/\/aep61-74.org\/index.php\/wp-json\/wp\/v2\/posts"}],"about":[{"href":"http:\/\/aep61-74.org\/index.php\/wp-json\/wp\/v2\/types\/post"}],"author":[{"embeddable":true,"href":"http:\/\/aep61-74.org\/index.php\/wp-json\/wp\/v2\/users\/1"}],"replies":[{"embeddable":true,"href":"http:\/\/aep61-74.org\/index.php\/wp-json\/wp\/v2\/comments?post=3331"}],"version-history":[{"count":3,"href":"http:\/\/aep61-74.org\/index.php\/wp-json\/wp\/v2\/posts\/3331\/revisions"}],"predecessor-version":[{"id":3336,"href":"http:\/\/aep61-74.org\/index.php\/wp-json\/wp\/v2\/posts\/3331\/revisions\/3336"}],"wp:featuredmedia":[{"embeddable":true,"href":"http:\/\/aep61-74.org\/index.php\/wp-json\/wp\/v2\/media\/3333"}],"wp:attachment":[{"href":"http:\/\/aep61-74.org\/index.php\/wp-json\/wp\/v2\/media?parent=3331"}],"wp:term":[{"taxonomy":"category","embeddable":true,"href":"http:\/\/aep61-74.org\/index.php\/wp-json\/wp\/v2\/categories?post=3331"},{"taxonomy":"post_tag","embeddable":true,"href":"http:\/\/aep61-74.org\/index.php\/wp-json\/wp\/v2\/tags?post=3331"}],"curies":[{"name":"wp","href":"https:\/\/api.w.org\/{rel}","templated":true}]}}