{"id":4256,"date":"2024-01-01T22:45:42","date_gmt":"2024-01-01T22:45:42","guid":{"rendered":"https:\/\/aep61-74.org\/?p=4256"},"modified":"2024-01-01T22:45:46","modified_gmt":"2024-01-01T22:45:46","slug":"plano-de-atividades-e-orcamento-2024","status":"publish","type":"post","link":"http:\/\/aep61-74.org\/index.php\/2024\/01\/01\/plano-de-atividades-e-orcamento-2024\/","title":{"rendered":"Plano de Atividades e Or\u00e7amento 2024"},"content":{"rendered":"\n<p>Aprovado em Assembleia Geral de 16 de dezembro 2023<\/p>\n\n\n\n<p>O centro da Atividade da AEP 61-74, em 2024, deve ser as comemora\u00e7\u00f5es do 50\u00ba Anivers\u00e1rio do 25 de Abril de cuja comiss\u00e3o nacional fazemos parte, considerando o programa eleitoral dos \u00f3rg\u00e3os sociais recentemente eleitos, destacando-se os seguintes pontos:<\/p>\n\n\n\n<p>1 \u2013 Renovar e manter atualizadas a p\u00e1gina da AEP 61-74 bem como a do facebook, plataformas essenciais de afirma\u00e7\u00e3o das posi\u00e7\u00f5es da associa\u00e7\u00e3o, sem descurar eventual participa\u00e7\u00e3o em plataformas mais amplas como foi o <em>\u201cSem Fronteiras\u201d<\/em>.<\/p>\n\n\n\n<p>2 \u2013 Informar regularmente os s\u00f3cios atrav\u00e9s de email sobre os projetos e a\u00e7\u00f5es concretas, sem centralizar tudo nos \u00f3rg\u00e3os sociais, criando grupos de trabalho com s\u00f3cios, ex-s\u00f3cios e outros colaboradores, para conduzir a\u00e7\u00f5es e projetos concretos, alargando assim a participa\u00e7\u00e3o nas atividades da nossa organiza\u00e7\u00e3o.<\/p>\n\n\n\n<p>3 \u2013 Participar ativamente na realiza\u00e7\u00e3o do 6\u00ba F\u00f3rum Liberdade &amp; Pensamento Cr\u00edtico e em outras iniciativas de luta e den\u00fancia dos perigos da direita e extrema-direita para a Democracia Portuguesa e para o Estado Social que se realiza a 15 e 16 de mar\u00e7o 2024 no Liceu Cam\u00f5es em Lisboa.<\/p>\n\n\n\n<p>4 \u2013 Participar nas comemora\u00e7\u00f5es dos 50 anos do 25 de abril, na medida das nossas possibilidades, em v\u00e1rias das iniciativas populares que est\u00e3o programadas tanto em Portugal como na emigra\u00e7\u00e3o. Desde j\u00e1 est\u00e3o previstas, a 27 de Abril em Alverca levar \u00e0 cena no Teatro Cegadas, uma pe\u00e7a de teatro baseada em alguns depoimentos constantes nos nossos livros dos Ex\u00edlios, devendo ser feito em Palmela, com o grupo o Bando um trabalho de teatraliza\u00e7\u00e3o do 25 de abril com a escola secund\u00e1ria. Mant\u00e9m-se de um modo geral a inten\u00e7\u00e3o de a\u00e7\u00e3o conjunta com outras associa\u00e7\u00f5es.<\/p>\n\n\n\n<p>5 \u2013 Divulga\u00e7\u00e3o dos 4 livros dos Ex\u00edlios editados pela AEP 61-74, bem como de audiovisuais j\u00e1 produzidos ou a produzir a eles associados, realizando apresenta\u00e7\u00f5es em especial dos mais recentes <em>Ex\u00edlios 3<\/em> e <em>Ex\u00edlios no Feminino<\/em>, incluindo o apoio \u00e0 edi\u00e7\u00e3o em franc\u00eas deste \u00faltimo e a sua apresenta\u00e7\u00e3o no Luxemburgo. As escolas e a juventude devem merecer a nossa maior aten\u00e7\u00e3o. Desde j\u00e1 est\u00e3o previstas sess\u00f5es de apresenta\u00e7\u00e3o de publica\u00e7\u00f5es da AEP 61-74 na Biblioteca Municipal de Palmela e na Sociedade Recreativa Oper\u00e1ria de Santar\u00e9m.<\/p>\n\n\n\n<p>6 \u2013 Continuar a recolha de material que se enquadre nos objetivos da Associa\u00e7\u00e3o que possa ser objeto de novas publica\u00e7\u00f5es, designadamente na prepara\u00e7\u00e3o de novo livro sobre o ex\u00edlio, a resist\u00eancia e guerra colonial, quer no interior de Portugal, quer no exterior. Alargar as tem\u00e1ticas para os aspetos econ\u00f3micos e sociais das resist\u00eancias e \u201csalto\u201d.<\/p>\n\n\n\n<p>7 \u2013 Retomar o nosso projeto \u201cTrilhos do Salto\u201d na perspetiva de participa\u00e7\u00e3o em iniciativas locais da Fronteira, que na integra\u00e7\u00e3o de movimentos amplos em curso como o \u201cMuseu da Fronteira ou do Salto\u201d e a \u201cRota Europeia dos Ex\u00edlios\u201d<strong><br><\/strong><\/p>\n\n\n\n<p><strong><u>Or\u00e7amento para 2024<\/u><\/strong><\/p>\n\n\n\n<p>O or\u00e7amento foi feito na base dos crit\u00e9rios abaixo indicados, tendo-se, no entanto, consci\u00eancia que o seu grau de ader\u00eancia \u00e0 realidade \u00e9 bastante fal\u00edvel.<\/p>\n\n\n\n<p>ORIGEM DE FUNDOS:<\/p>\n\n\n\n<p>1. Saldos banc\u00e1rios<\/p>\n\n\n\n<p>Os saldos estimados a 31 de dezembro 2023 das duas contas banc\u00e1rias da AEP 61-74 transitam para 2024.<\/p>\n\n\n\n<p>2. Rendimentos<\/p>\n\n\n\n<p>2.1 Livros &#8211; Considerando o esgotamento dos exemplares \u00e0 disposi\u00e7\u00e3o da AEP da edi\u00e7\u00e3o do <em>Ex\u00edlios no Feminino<\/em>, nos termos do acordo com a Afrontamento e a indecis\u00e3o relativa a uma segunda edi\u00e7\u00e3o, considerou-se essencialmente a continua\u00e7\u00e3o da venda de 100 exemplares dos anteriores <em>Ex\u00edlios 2 e 3<\/em> a um valor m\u00e9dio de 10 Euros.<\/p>\n\n\n\n<p>2.2 Quotas \u2013 Fez-se uma estimativa de 35 quotas pagas, semelhante \u00e0s pagas em 2023.<\/p>\n\n\n\n<p>2.3 Subs\u00eddios \u00e0 explora\u00e7\u00e3o<\/p>\n\n\n\n<p>De momento n\u00e3o se preveem quaisquer subs\u00eddios \u00e0 explora\u00e7\u00e3o.<\/p>\n\n\n\n<p>2.4 Juros, consideraram-se 50,00 Euros.<\/p>\n\n\n\n<p>APLICA\u00c7\u00c3O DE FUNDOS:<\/p>\n\n\n\n<p>3. Custos<\/p>\n\n\n\n<p>6.1.1 Mercadorias \u2013 Prev\u00ea-se a venda de 100 Ex\u00edlios 2 e 3 a um custo m\u00e9dio de 5 Euros.<\/p>\n\n\n\n<p>6.2.2 Servi\u00e7os especializados &#8211; Consideraram-se os custos com o contabilista, programa Vendus de fatura\u00e7\u00e3o, alojamento da p\u00e1gina da AEP na Internet e utiliza\u00e7\u00e3o do programa Zoom semelhantes aos de 2023, com um poss\u00edvel incremento de 10%, Despesas Banc\u00e1rias 60 Euros, Imagem e Som, 300,00 Euros.<\/p>\n\n\n\n<p>6.2.3 Materiais &#8211; Considerou-se a aquisi\u00e7\u00e3o de equipamento para permitir sess\u00f5es mistas p\u00fablicas e online mais outros custos de materiais (200 Euros).<\/p>\n\n\n\n<p>6.2.5 Desloca\u00e7\u00f5es, Estadias e Transportes \u2013 2000 Euros.<\/p>\n\n\n\n<p>6.2.6 Servi\u00e7os Diversos \u2013 850,00 Euros<\/p>\n\n\n\n<p>4. Transfer\u00eancia do saldo banc\u00e1rio remanescente para 2025<strong><br><\/strong><\/p>\n\n\n\n<figure class=\"wp-block-table\"><table><tbody><tr><td>&nbsp;<strong><\/strong><\/td><td>OR\u00c7AMENTO DE TESOURARIA &#8211; 2 0 2 4<\/td><td class=\"has-text-align-right\" data-align=\"right\">&nbsp;<strong><\/strong><\/td><\/tr><tr><td><strong><em>&nbsp;<\/em><\/strong><\/td><td><strong><em>SALDOS BANC\u00c1RIOS &#8211; 31.12.2023 (estimativa)<\/em><\/strong><\/td><td class=\"has-text-align-right\" data-align=\"right\">&nbsp;<\/td><\/tr><tr><td><strong>&nbsp;<\/strong><\/td><td>conta CGD 069800036749430<\/td><td class=\"has-text-align-right\" data-align=\"right\">14 300,57 \u20ac<\/td><\/tr><tr><td>&nbsp;<\/td><td>conta CGD 015900089739330 ECOS<\/td><td class=\"has-text-align-right\" data-align=\"right\">5 313,64 \u20ac<\/td><\/tr><tr><td><strong><em>7<\/em><\/strong><\/td><td><strong><em>RENDIMENTOS<\/em><\/strong><\/td><td class=\"has-text-align-right\" data-align=\"right\">&nbsp;<\/td><\/tr><tr><td><strong>71<\/strong><\/td><td><strong>Vendas<\/strong><\/td><td class=\"has-text-align-right\" data-align=\"right\">&nbsp;<\/td><\/tr><tr><td>711<\/td><td>Livros<\/td><td class=\"has-text-align-right\" data-align=\"right\">1 000,00 \u20ac<\/td><\/tr><tr><td><strong>72<\/strong><\/td><td><strong>Presta\u00e7\u00f5es de servi\u00e7os<\/strong><\/td><td class=\"has-text-align-right\" data-align=\"right\">&nbsp;<\/td><\/tr><tr><td>721<\/td><td>Quotiza\u00e7\u00f5es<\/td><td class=\"has-text-align-right\" data-align=\"right\">875,00 \u20ac<\/td><\/tr><tr><td>722<\/td><td>Outras Receitas<\/td><td class=\"has-text-align-right\" data-align=\"right\">&nbsp;<\/td><\/tr><tr><td><strong>75<\/strong><\/td><td><strong>&nbsp;Subs\u00eddios \u00e0 explora\u00e7\u00e3o<\/strong><\/td><td class=\"has-text-align-right\" data-align=\"right\">&nbsp;<\/td><\/tr><tr><td>751<\/td><td>Subs\u00eddios do Estado e outros entes p\u00fablicos<\/td><td class=\"has-text-align-right\" data-align=\"right\">&nbsp;<\/td><\/tr><tr><td>752<\/td><td>Projetos\/Subs\u00eddios<\/td><td class=\"has-text-align-right\" data-align=\"right\"><strong>&nbsp;<\/strong><\/td><\/tr><tr><td>7528<\/td><td>Custos gerais<\/td><td class=\"has-text-align-right\" data-align=\"right\">&nbsp;<\/td><\/tr><tr><td><strong>79<\/strong><\/td><td><strong>Juros<\/strong><\/td><td class=\"has-text-align-right\" data-align=\"right\">&nbsp;<\/td><\/tr><tr><td><strong>791<\/strong><\/td><td>&nbsp;Juros obtidos<\/td><td class=\"has-text-align-right\" data-align=\"right\"><strong>&nbsp;<\/strong><\/td><\/tr><tr><td>7911<\/td><td>De dep\u00f3sitos<\/td><td class=\"has-text-align-right\" data-align=\"right\">50,00 \u20ac<\/td><\/tr><tr><td>&nbsp;<strong><\/strong><\/td><td>TOTAL ORIGENS DE FUNDOS<\/td><td class=\"has-text-align-right\" data-align=\"right\"><strong>21 539,21 \u20ac<\/strong><\/td><\/tr><tr><td>&nbsp;<strong><\/strong><\/td><td>&nbsp;<\/td><td class=\"has-text-align-right\" data-align=\"right\">&nbsp;<\/td><\/tr><tr><td><strong>61<\/strong><\/td><td>Custo Mercadorias Vendidas e Consumidas<\/td><td class=\"has-text-align-right\" data-align=\"right\">500,00 \u20ac<\/td><\/tr><tr><td><strong>611<\/strong><\/td><td>Mercadorias<\/td><td class=\"has-text-align-right\" data-align=\"right\">500,00 \u20ac<\/td><\/tr><tr><td><strong>62<\/strong><\/td><td><strong>Fornecimentos e Servi\u00e7os Externos<\/strong><\/td><td class=\"has-text-align-right\" data-align=\"right\">&nbsp;<\/td><\/tr><tr><td><strong>622<\/strong><\/td><td><strong>Servi\u00e7os Especializados<\/strong><\/td><td class=\"has-text-align-right\" data-align=\"right\">2 346,90 \u20ac<\/td><\/tr><tr><td>6221<\/td><td>Trabalhos Especializados<\/td><td class=\"has-text-align-right\" data-align=\"right\">1 986,90 \u20ac<\/td><\/tr><tr><td>6222<\/td><td>Publicidade e Propaganda<\/td><td class=\"has-text-align-right\" data-align=\"right\">&nbsp;<\/td><\/tr><tr><td>6227<\/td><td>Despesas Banc\u00e1rias<\/td><td class=\"has-text-align-right\" data-align=\"right\">60,00 \u20ac<\/td><\/tr><tr><td>6228<\/td><td>Outros &#8211; Imagem e Som<\/td><td class=\"has-text-align-right\" data-align=\"right\">300,00 \u20ac<\/td><\/tr><tr><td><strong>623<\/strong><\/td><td><strong>Materiais<\/strong><\/td><td class=\"has-text-align-right\" data-align=\"right\"><strong>500,00 \u20ac<\/strong><\/td><\/tr><tr><td>6238<\/td><td>Outros<\/td><td class=\"has-text-align-right\" data-align=\"right\">500,00 \u20ac<\/td><\/tr><tr><td><strong>625<\/strong><\/td><td><strong>Desloca\u00e7\u00f5es, Estadias e Transportes<\/strong><\/td><td class=\"has-text-align-right\" data-align=\"right\"><strong>2 000,00 \u20ac<\/strong><\/td><\/tr><tr><td>6251<\/td><td>Desloca\u00e7\u00f5es e Estadias<\/td><td class=\"has-text-align-right\" data-align=\"right\">2 000,00 \u20ac<\/td><\/tr><tr><td><strong>626<\/strong><\/td><td><strong>Servi\u00e7os Diversos<\/strong><\/td><td class=\"has-text-align-right\" data-align=\"right\"><strong>850,00 \u20ac<\/strong><\/td><\/tr><tr><td>6261<\/td><td>Rendas e Alugueres<\/td><td class=\"has-text-align-right\" data-align=\"right\">&nbsp;<\/td><\/tr><tr><td>6262<\/td><td>Comunica\u00e7\u00f5es<\/td><td class=\"has-text-align-right\" data-align=\"right\">150,00 \u20ac<\/td><\/tr><tr><td>6266<\/td><td>Despesas de Representa\u00e7\u00e3o<\/td><td class=\"has-text-align-right\" data-align=\"right\">400,00 \u20ac<\/td><\/tr><tr><td>6268<\/td><td>Diversas Despesas sem especifica\u00e7\u00e3o<\/td><td class=\"has-text-align-right\" data-align=\"right\">300,00 \u20ac<\/td><\/tr><tr><td>&nbsp;<\/td><td><strong><em>SALDOS BANC\u00c1RIOS &#8211; 31.12.2023<\/em><\/strong><\/td><td class=\"has-text-align-right\" data-align=\"right\"><strong>15 342,31 \u20ac<\/strong><\/td><\/tr><tr><td>&nbsp;<strong><\/strong><\/td><td>TOTAL APLICA\u00c7\u00d5ES DE FUNDOS<\/td><td class=\"has-text-align-right\" data-align=\"right\"><strong>21 539,21 \u20ac<\/strong><\/td><\/tr><\/tbody><\/table><\/figure>\n","protected":false},"excerpt":{"rendered":"<div class=\"mh-excerpt\"><p>Aprovado em Assembleia Geral de 16 de dezembro 2023 O centro da Atividade da AEP 61-74, em 2024, deve ser as comemora\u00e7\u00f5es do 50\u00ba Anivers\u00e1rio do 25 de Abril de cuja comiss\u00e3o nacional fazemos parte, <a class=\"mh-excerpt-more\" href=\"http:\/\/aep61-74.org\/index.php\/2024\/01\/01\/plano-de-atividades-e-orcamento-2024\/\" title=\"Plano de Atividades e Or\u00e7amento 2024\">[&#8230;]<\/a><\/p>\n<\/div>","protected":false},"author":1,"featured_media":0,"comment_status":"open","ping_status":"open","sticky":true,"template":"","format":"standard","meta":{"rop_custom_images_group":[],"rop_custom_messages_group":[],"rop_publish_now":"initial","rop_publish_now_accounts":[],"rop_publish_now_history":[],"rop_publish_now_status":"pending","footnotes":""},"categories":[240],"tags":[],"class_list":{"0":"post-4256","1":"post","2":"type-post","3":"status-publish","4":"format-standard","6":"category-aep"},"_links":{"self":[{"href":"http:\/\/aep61-74.org\/index.php\/wp-json\/wp\/v2\/posts\/4256","targetHints":{"allow":["GET"]}}],"collection":[{"href":"http:\/\/aep61-74.org\/index.php\/wp-json\/wp\/v2\/posts"}],"about":[{"href":"http:\/\/aep61-74.org\/index.php\/wp-json\/wp\/v2\/types\/post"}],"author":[{"embeddable":true,"href":"http:\/\/aep61-74.org\/index.php\/wp-json\/wp\/v2\/users\/1"}],"replies":[{"embeddable":true,"href":"http:\/\/aep61-74.org\/index.php\/wp-json\/wp\/v2\/comments?post=4256"}],"version-history":[{"count":1,"href":"http:\/\/aep61-74.org\/index.php\/wp-json\/wp\/v2\/posts\/4256\/revisions"}],"predecessor-version":[{"id":4257,"href":"http:\/\/aep61-74.org\/index.php\/wp-json\/wp\/v2\/posts\/4256\/revisions\/4257"}],"wp:attachment":[{"href":"http:\/\/aep61-74.org\/index.php\/wp-json\/wp\/v2\/media?parent=4256"}],"wp:term":[{"taxonomy":"category","embeddable":true,"href":"http:\/\/aep61-74.org\/index.php\/wp-json\/wp\/v2\/categories?post=4256"},{"taxonomy":"post_tag","embeddable":true,"href":"http:\/\/aep61-74.org\/index.php\/wp-json\/wp\/v2\/tags?post=4256"}],"curies":[{"name":"wp","href":"https:\/\/api.w.org\/{rel}","templated":true}]}}