{"id":4641,"date":"2025-04-18T15:39:39","date_gmt":"2025-04-18T15:39:39","guid":{"rendered":"https:\/\/aep61-74.org\/?p=4641"},"modified":"2025-04-18T15:39:43","modified_gmt":"2025-04-18T15:39:43","slug":"carlos-matos-gomes-ate-logo-camarada","status":"publish","type":"post","link":"http:\/\/aep61-74.org\/index.php\/2025\/04\/18\/carlos-matos-gomes-ate-logo-camarada\/","title":{"rendered":"Carlos Matos Gomes, at\u00e9 logo, Camarada !"},"content":{"rendered":"\n<p>Carlos Martins<\/p>\n\n\n\n<figure class=\"wp-block-image size-large\"><img loading=\"lazy\" decoding=\"async\" width=\"1024\" height=\"660\" src=\"https:\/\/aep61-74.org\/wp-content\/uploads\/2025\/04\/Carlos-Matos-Gomes-26-1-1024x660.jpeg\" alt=\"\" class=\"wp-image-4643\" srcset=\"http:\/\/aep61-74.org\/wp-content\/uploads\/2025\/04\/Carlos-Matos-Gomes-26-1-1024x660.jpeg 1024w, http:\/\/aep61-74.org\/wp-content\/uploads\/2025\/04\/Carlos-Matos-Gomes-26-1-300x193.jpeg 300w, http:\/\/aep61-74.org\/wp-content\/uploads\/2025\/04\/Carlos-Matos-Gomes-26-1-768x495.jpeg 768w, http:\/\/aep61-74.org\/wp-content\/uploads\/2025\/04\/Carlos-Matos-Gomes-26-1.jpeg 1280w\" sizes=\"auto, (max-width: 1024px) 100vw, 1024px\" \/><\/figure>\n\n\n\n<p>Hoje, o sil\u00eancio pesa mais do que nunca. E n\u00e3o porque nos falte coisa para dizer \u2014 h\u00e1 tanto para dizer sobre o Carlos! \u2014 mas porque a sua aus\u00eancia tornou o mundo um pouco mais \u00e1spero, um pouco menos justo, um pouco menos livre.<br>Carlos Matos Gomes foi muito mais do que um militar. Foi um homem inteiro. Um combatente, sim, nas matas da Guin\u00e9 e depois nas frentes de Abril, mas tamb\u00e9m um pensador, um escritor, um incans\u00e1vel defensor da liberdade e da dignidade humana. Nunca trocou a espinha pela conveni\u00eancia. Nunca cedeu ao conforto do sil\u00eancio quando era preciso falar. F\u00ea-lo com coragem. F\u00ea-lo com convic\u00e7\u00e3o. F\u00ea-lo com honra.<br>Conhec\u00ea-lo foi um privil\u00e9gio raro. Ser seu amigo, um presente de vida. O Carlos tinha aquela rara capacidade de escutar com aten\u00e7\u00e3o e falar com justeza. Sabia discordar sem ferir, sabia corrigir com eleg\u00e2ncia. Tinha um humor fino, quase clandestino, que s\u00f3 revelava a quem merecia. E era imposs\u00edvel n\u00e3o merecer. Porque ele puxava por n\u00f3s, exigia que pens\u00e1ssemos, que nos compromet\u00eassemos. E, acima de tudo, que f\u00f4ssemos decentes.<br>Foi um homem de Abril, sim. Continuou a lutar pelo pa\u00eds que sonhou, muito depois de o cravo ter murchado na lapela de muitos. Escreveu, alertou, denunciou, educou. Foi inc\u00f3modo. Foi livre. Foi justo.<br>E hoje, ao despedirmo-nos dele, sentimos que perdemos um dos bons. Um dos nossos. Um dos que se levantam quando todos se sentam. Um dos que avan\u00e7am quando a maioria recua.<br>Carlos, levas contigo uma parte da nossa hist\u00f3ria, mas deixas-nos muito mais: a mem\u00f3ria viva do que \u00e9 a coragem, o sentido de miss\u00e3o, a lealdade aos valores, o amor profundo por Portugal.<br>Que a terra te seja leve, camarada.<br>E que a Liberdade, essa eterna bandeira que empunhaste sem medo, te receba de p\u00e9.<br>Descansa em paz, como s\u00f3 descansam os que viveram em verdade.<br>Carlos Pereira Martins<\/p>\n","protected":false},"excerpt":{"rendered":"<div class=\"mh-excerpt\"><p>Carlos Martins Hoje, o sil\u00eancio pesa mais do que nunca. E n\u00e3o porque nos falte coisa para dizer \u2014 h\u00e1 tanto para dizer sobre o Carlos! \u2014 mas porque a sua aus\u00eancia tornou o mundo <a class=\"mh-excerpt-more\" href=\"http:\/\/aep61-74.org\/index.php\/2025\/04\/18\/carlos-matos-gomes-ate-logo-camarada\/\" title=\"Carlos Matos Gomes, at\u00e9 logo, Camarada !\">[&#8230;]<\/a><\/p>\n<\/div>","protected":false},"author":1,"featured_media":0,"comment_status":"open","ping_status":"open","sticky":false,"template":"template-full.php","format":"standard","meta":{"rop_custom_images_group":[],"rop_custom_messages_group":[],"rop_publish_now":"initial","rop_publish_now_accounts":[],"rop_publish_now_history":[],"rop_publish_now_status":"pending","footnotes":""},"categories":[243],"tags":[],"class_list":{"0":"post-4641","1":"post","2":"type-post","3":"status-publish","4":"format-standard","6":"category-informacoes"},"_links":{"self":[{"href":"http:\/\/aep61-74.org\/index.php\/wp-json\/wp\/v2\/posts\/4641","targetHints":{"allow":["GET"]}}],"collection":[{"href":"http:\/\/aep61-74.org\/index.php\/wp-json\/wp\/v2\/posts"}],"about":[{"href":"http:\/\/aep61-74.org\/index.php\/wp-json\/wp\/v2\/types\/post"}],"author":[{"embeddable":true,"href":"http:\/\/aep61-74.org\/index.php\/wp-json\/wp\/v2\/users\/1"}],"replies":[{"embeddable":true,"href":"http:\/\/aep61-74.org\/index.php\/wp-json\/wp\/v2\/comments?post=4641"}],"version-history":[{"count":1,"href":"http:\/\/aep61-74.org\/index.php\/wp-json\/wp\/v2\/posts\/4641\/revisions"}],"predecessor-version":[{"id":4644,"href":"http:\/\/aep61-74.org\/index.php\/wp-json\/wp\/v2\/posts\/4641\/revisions\/4644"}],"wp:attachment":[{"href":"http:\/\/aep61-74.org\/index.php\/wp-json\/wp\/v2\/media?parent=4641"}],"wp:term":[{"taxonomy":"category","embeddable":true,"href":"http:\/\/aep61-74.org\/index.php\/wp-json\/wp\/v2\/categories?post=4641"},{"taxonomy":"post_tag","embeddable":true,"href":"http:\/\/aep61-74.org\/index.php\/wp-json\/wp\/v2\/tags?post=4641"}],"curies":[{"name":"wp","href":"https:\/\/api.w.org\/{rel}","templated":true}]}}