{"id":3163,"date":"2021-03-07T16:51:47","date_gmt":"2021-03-07T16:51:47","guid":{"rendered":"http:\/\/aep61-74.org\/?p=3163"},"modified":"2021-09-24T08:05:43","modified_gmt":"2021-09-24T08:05:43","slug":"projeto-total-peace-valoriza-personagens-da-liberdade-e-da-paz","status":"publish","type":"post","link":"https:\/\/aep61-74.org\/index.php\/2021\/03\/07\/projeto-total-peace-valoriza-personagens-da-liberdade-e-da-paz\/","title":{"rendered":"Projeto Total Peace valoriza personagens da liberdade e da paz"},"content":{"rendered":"\n<p>SEM FRONTEIRAS | Projetos Mem\u00f3rias Vivas<\/p>\n\n\n\n<p>O Programa <a href=\"https:\/\/eurocid.mne.gov.pt\/programa-europa-para-os-cidadaos\">Europa para os Cidad\u00e3os <\/a>constitui uma das ferramentas que a Comiss\u00e3o Europeia utiliza para promover a intera\u00e7\u00e3o entre cidad\u00e3os europeus tendo por base pequenos projetos com um financiamento de baixo valor. Trata-se de cimentar o esp\u00edrito europeu ou pelo menos de promover o di\u00e1logo entre institui\u00e7\u00f5es e cidad\u00e3os de diversos pa\u00edses da Uni\u00e3o Europeia e de pa\u00edses terceiros.<\/p>\n\n\n\n<p>Uma das vertentes do Europa para os Cidad\u00e3os assenta nas mem\u00f3rias relacionadas com acontecimentos da Hist\u00f3ria da Europa e em particular com aqueles que foram vividos por v\u00e1rios povos em simult\u00e2neo e que podem ser objeto de reflex\u00e3o e debate e proporcionar li\u00e7\u00f5es para o futuro.<\/p>\n\n\n\n<h2 class=\"wp-block-heading\">Projeto europeu<\/h2>\n\n\n\n<p>A Associa\u00e7\u00e3o de Exilados Pol\u00edticos Portugueses &#8211; AEP61-74 vai ser parceira num projeto neste \u00e2mbito de partilha e de di\u00e1logo que se denomina TOTAL PEACE.<\/p>\n\n\n\n<p>Os cidad\u00e3os e entidades que ir\u00e3o participar de outros pa\u00edses s\u00e3o oriundos de: It\u00e1lia, Pa\u00edses Baixos, Pol\u00f3nia, Espanha e Rep\u00fablica Checa. As entidades parceiras t\u00eam perfis muito diferenciados tais como Centro pela Paz, Organiza\u00e7\u00e3o pela defesa dos direitos humanos, C\u00e2mara Municipal, Organiza\u00e7\u00e3o para o Di\u00e1logo e uma Filarm\u00f3nica.<\/p>\n\n\n\n<p>A ideia central do projeto radica na valoriza\u00e7\u00e3o da PAZ que a Europa conhece nos nossos dias e na import\u00e2ncia das a\u00e7\u00f5es de teor pac\u00edfico na resist\u00eancia e oposi\u00e7\u00e3o \u00e0s ditaduras e regimes autorit\u00e1rios no passado.<\/p>\n\n\n\n<h2 class=\"wp-block-heading\">Novas gera\u00e7\u00f5es<\/h2>\n\n\n\n<p>A inten\u00e7\u00e3o \u00e9 sobretudo de passar \u00e0s novas gera\u00e7\u00f5es esta ideia-for\u00e7a do combate pela democracia e pela liberdade recorrendo a m\u00e9todos n\u00e3o-violentos.<\/p>\n\n\n\n<p>A estrutura do projeto tem por base a identifica\u00e7\u00e3o de 6 personagens importantes em cada um dos pa\u00edses, que simbolizam este modo de atua\u00e7\u00e3o e construir um aut\u00eantico portef\u00f3lio destas refer\u00eancias com a seguinte composi\u00e7\u00e3o: <strong>uma personagem + 1 regime pol\u00edtico + uma flor + uma data.<\/strong><\/p>\n\n\n\n<p>As personagens dos pa\u00edses participantes e os restantes elementos da composi\u00e7\u00e3o do portef\u00f3lio s\u00e3o os seguintes:<\/p>\n\n\n\n<ul class=\"wp-block-list\"><li>&#8211; It\u00e1lia: Alexander Langer \u2013 Edelweiss \u2013 21 Septembro: Dia Internacional da Paz<\/li><li>&#8211; Rep\u00fablica Checa: Vaclav Havel \u2013 Urze Branca -9 Novembro: Queda do Muro de Berlim<\/li><li>&#8211; Pa\u00edses Baixos: Etty Hillesum \u2013 Jasmin &#8211; 27 Janeiro Dia da Mem\u00f3ria do Holocausto<\/li><li>&#8211; Espanha: Federica Monteseny \u2013 Mimosa \u2013 8 March: Dia Internacional da Mulher<\/li><li>&#8211; Pol\u00f3noa: Marek Edelman \u2013 Narciso Amarelo \u2013 1\u00ba de maio do trabalhador<\/li><\/ul>\n\n\n\n<p>A personagem portuguesa que vai ser tema do projeto em Portugal \u00e9 a Celeste Caeiro, a Celeste dos Cravos.<\/p>\n\n\n\n<figure class=\"wp-block-gallery columns-1 is-cropped wp-block-gallery-1 is-layout-flex wp-block-gallery-is-layout-flex\"><ul class=\"blocks-gallery-grid\"><li class=\"blocks-gallery-item\"><figure><img loading=\"lazy\" decoding=\"async\" width=\"1024\" height=\"647\" src=\"http:\/\/aep61-74.org\/wp-content\/uploads\/2021\/03\/TP1-1024x647.png\" alt=\"\" data-id=\"3164\" data-full-url=\"http:\/\/aep61-74.org\/wp-content\/uploads\/2021\/03\/TP1.png\" data-link=\"http:\/\/aep61-74.org\/?attachment_id=3164\" class=\"wp-image-3164\" srcset=\"https:\/\/aep61-74.org\/wp-content\/uploads\/2021\/03\/TP1-1024x647.png 1024w, https:\/\/aep61-74.org\/wp-content\/uploads\/2021\/03\/TP1-300x189.png 300w, https:\/\/aep61-74.org\/wp-content\/uploads\/2021\/03\/TP1-768x485.png 768w, https:\/\/aep61-74.org\/wp-content\/uploads\/2021\/03\/TP1.png 1088w\" sizes=\"auto, (max-width: 1024px) 100vw, 1024px\" \/><\/figure><\/li><\/ul><\/figure>\n\n\n\n<p><\/p>\n","protected":false},"excerpt":{"rendered":"<div class=\"mh-excerpt\"><p>SEM FRONTEIRAS | Projetos Mem\u00f3rias Vivas O Programa Europa para os Cidad\u00e3os constitui uma das ferramentas que a Comiss\u00e3o Europeia utiliza para promover a intera\u00e7\u00e3o entre cidad\u00e3os europeus tendo por base pequenos projetos com um <a class=\"mh-excerpt-more\" href=\"https:\/\/aep61-74.org\/index.php\/2021\/03\/07\/projeto-total-peace-valoriza-personagens-da-liberdade-e-da-paz\/\" title=\"Projeto Total Peace valoriza personagens da liberdade e da paz\">[&#8230;]<\/a><\/p>\n<\/div>","protected":false},"author":1,"featured_media":3165,"comment_status":"open","ping_status":"open","sticky":true,"template":"","format":"standard","meta":{"rop_custom_images_group":[],"rop_custom_messages_group":[],"rop_publish_now":"initial","rop_publish_now_accounts":[],"rop_publish_now_history":[],"rop_publish_now_status":"pending","footnotes":""},"categories":[244,188],"tags":[246],"class_list":{"0":"post-3163","1":"post","2":"type-post","3":"status-publish","4":"format-standard","5":"has-post-thumbnail","7":"category-projetos","8":"category-total-peace","9":"tag-apresentacao"},"_links":{"self":[{"href":"https:\/\/aep61-74.org\/index.php\/wp-json\/wp\/v2\/posts\/3163","targetHints":{"allow":["GET"]}}],"collection":[{"href":"https:\/\/aep61-74.org\/index.php\/wp-json\/wp\/v2\/posts"}],"about":[{"href":"https:\/\/aep61-74.org\/index.php\/wp-json\/wp\/v2\/types\/post"}],"author":[{"embeddable":true,"href":"https:\/\/aep61-74.org\/index.php\/wp-json\/wp\/v2\/users\/1"}],"replies":[{"embeddable":true,"href":"https:\/\/aep61-74.org\/index.php\/wp-json\/wp\/v2\/comments?post=3163"}],"version-history":[{"count":2,"href":"https:\/\/aep61-74.org\/index.php\/wp-json\/wp\/v2\/posts\/3163\/revisions"}],"predecessor-version":[{"id":3167,"href":"https:\/\/aep61-74.org\/index.php\/wp-json\/wp\/v2\/posts\/3163\/revisions\/3167"}],"wp:featuredmedia":[{"embeddable":true,"href":"https:\/\/aep61-74.org\/index.php\/wp-json\/wp\/v2\/media\/3165"}],"wp:attachment":[{"href":"https:\/\/aep61-74.org\/index.php\/wp-json\/wp\/v2\/media?parent=3163"}],"wp:term":[{"taxonomy":"category","embeddable":true,"href":"https:\/\/aep61-74.org\/index.php\/wp-json\/wp\/v2\/categories?post=3163"},{"taxonomy":"post_tag","embeddable":true,"href":"https:\/\/aep61-74.org\/index.php\/wp-json\/wp\/v2\/tags?post=3163"}],"curies":[{"name":"wp","href":"https:\/\/api.w.org\/{rel}","templated":true}]}}