{"id":3376,"date":"2021-04-21T17:10:14","date_gmt":"2021-04-21T17:10:14","guid":{"rendered":"http:\/\/aep61-74.org\/?p=3376"},"modified":"2021-09-24T07:54:52","modified_gmt":"2021-09-24T07:54:52","slug":"abril-2021-imaginem-um-encontro-extraordinario","status":"publish","type":"post","link":"https:\/\/aep61-74.org\/index.php\/2021\/04\/21\/abril-2021-imaginem-um-encontro-extraordinario\/","title":{"rendered":"ABRIL 2021 |  Imaginem um encontro extraordin\u00e1rio"},"content":{"rendered":"\n<p><span class=\"has-inline-color has-vivid-red-color\"><strong>SEM FRONTEIRAS<\/strong><\/span> |  Encontro Imagin\u00e1rio <\/p>\n\n\n\n<p>No dia 23 de abril, \u00e0s 17h30, na A Barraca ter\u00e1 lugar um ENCONTRO IMAGIN\u00c1RIO cujo tema central \u00e9 o 25 de abril. As personagens, Salgueiro Maia, Ka\u00falza de Arriaga e Teresa Veleda ser\u00e3o a base dos di\u00e1logos que H\u00e9lder Costa desenvolveu com a sua arte da controv\u00e9rsia.<\/p>\n\n\n\n<p>\u00c0 volta da Mesa teremos as personagens que ser\u00e3o interpretadas por figuras bem conhecidas de todos e que remetem para \u00e1rea de uma milit\u00e2ncia de impacto p\u00fablico significativo.<\/p>\n\n\n\n<figure class=\"wp-block-gallery alignwide columns-2 is-cropped wp-block-gallery-1 is-layout-flex wp-block-gallery-is-layout-flex\"><ul class=\"blocks-gallery-grid\"><li class=\"blocks-gallery-item\"><figure><img loading=\"lazy\" decoding=\"async\" width=\"596\" height=\"842\" src=\"http:\/\/aep61-74.org\/wp-content\/uploads\/2021\/04\/ei1.png\" alt=\"\" data-id=\"3377\" data-full-url=\"http:\/\/aep61-74.org\/wp-content\/uploads\/2021\/04\/ei1.png\" data-link=\"http:\/\/aep61-74.org\/?attachment_id=3377\" class=\"wp-image-3377\" srcset=\"https:\/\/aep61-74.org\/wp-content\/uploads\/2021\/04\/ei1.png 596w, https:\/\/aep61-74.org\/wp-content\/uploads\/2021\/04\/ei1-212x300.png 212w\" sizes=\"auto, (max-width: 596px) 100vw, 596px\" \/><\/figure><\/li><li class=\"blocks-gallery-item\"><figure><img loading=\"lazy\" decoding=\"async\" width=\"640\" height=\"910\" src=\"http:\/\/aep61-74.org\/wp-content\/uploads\/2021\/04\/ei2.png\" alt=\"\" data-id=\"3378\" data-full-url=\"http:\/\/aep61-74.org\/wp-content\/uploads\/2021\/04\/ei2.png\" data-link=\"http:\/\/aep61-74.org\/?attachment_id=3378\" class=\"wp-image-3378\" srcset=\"https:\/\/aep61-74.org\/wp-content\/uploads\/2021\/04\/ei2.png 640w, https:\/\/aep61-74.org\/wp-content\/uploads\/2021\/04\/ei2-211x300.png 211w\" sizes=\"auto, (max-width: 640px) 100vw, 640px\" \/><\/figure><\/li><\/ul><\/figure>\n\n\n\n<p>Quem vai interpretar, melhor dizendo, quem vai dar voz aos di\u00e1logos com as personagens mencionadas?<\/p>\n\n\n\n<p>&#8230;&#8230;&#8230;&#8230;&#8230;<strong>S \u2013 seguran\u00e7a total. J\u00e1 no dia 25, \u00e0 meia noite e meia, Leite de Vasconcelos l\u00ea no programa \u00abLimite\u00bb, da R\u00e1dio Renascen\u00e7a, a primeira quadra de \u00abGr\u00e2ndola, Vila Morena\u00bb, de\u00a0Zeca\u00a0Afonso. \u00abGr\u00e2ndola, Vila Morena \/ Terra da fraternidade \/ O povo \u00e9 quem mais ordena \/ Dentro de ti \/ \u00d3 cidade\u00bb.<\/strong>\u00a0<\/p>\n\n\n\n<p><strong>A \u2013 \u00e9 o ultimo sinal.<\/strong>&nbsp;<\/p>\n\n\n\n<p><strong>S &#8211; \u00e9 a senha definitiva e o aviso para a sa\u00edda dos quart\u00e9is.<\/strong>&nbsp;<\/p>\n\n\n\n<p><strong>V \u2013 voc\u00ea estava no quartel e como leva os soldados? Suponho que ningu\u00e9m estava \u00e0 espera de qualquer revolta.<\/strong>&nbsp;<\/p>\n\n\n\n<p><strong>S \u2013 a grande maioria n\u00e3o sabia. Estamos na madrugada de 25 de Abril de 74, parada da Escola Pr\u00e1tica de Cavalaria, em Santar\u00e9m. Com os soldados perfilados, disse :<\/strong><strong><em>&nbsp;\u201cH\u00e1 diversas modalidades de Estado: os estados socialistas, os estados corporativos e o estado a que isto chegou! Ora, nesta noite solene, vamos acabar com o estado a que cheg\u00e1mos. De maneira que quem quiser, vem comigo para Lisboa e acabamos com isto. Quem \u00e9 volunt\u00e1rio sai e forma. Quem n\u00e3o quiser vir n\u00e3o \u00e9 obrigado e fica aqui.\u201d<\/em><\/strong>&nbsp;<\/p>\n\n\n\n<p><strong><em>V \u2013 fant\u00e1stico!<\/em><\/strong>&nbsp;<\/p>\n\n\n\n<p><strong><em>S &#8211; t<\/em><\/strong><strong>odos os 240 homens que ouviram estas palavras, formaram de imediato \u00e0 minha frente. Depois seguimos para Lisboa e marchamos contra a ditadura.<\/strong>&nbsp;<\/p>\n\n\n\n<p><strong>V &#8211; e ningu\u00e9m se op\u00f4s? Ningu\u00e9m vos combateu?<\/strong>&nbsp;<\/p>\n\n\n\n<p><strong>S \u2013 Deviam estar a dormir&nbsp;<\/strong><strong><em>(ri)\u2026<\/em><\/strong><strong>cheg\u00e1mos a Lisboa, montei cerco aos minist\u00e9rios do&nbsp;<\/strong><a href=\"https:\/\/pt.wikipedia.org\/wiki\/Terreiro_do_Pa%C3%A7o\" target=\"_blank\" rel=\"noreferrer noopener\"><strong>Terreiro do Pa\u00e7o<\/strong><\/a><strong>.<\/strong>&nbsp;<\/p>\n\n\n\n<p><strong>A \u2013 viagem sem problemas, sem tiros\u2026<\/strong><strong>&nbsp;<\/strong>&nbsp;<\/p>\n\n\n\n<p><strong>S \u2013 \u00e0s 6 da manh\u00e3 a revolu\u00e7\u00e3o j\u00e1 estava na rua. O aeroporto, a RTP, a R\u00e1dio&nbsp;<\/strong><strong>Marconi<\/strong><strong>, a Emissora Nacional e o R\u00e1dio Clube Portugu\u00eas j\u00e1 tinham sido tomados sem resist\u00eancia.&nbsp;<\/strong>&nbsp;<\/p>\n\n\n\n<p><strong>V \u2013 e o povo a essa hora?<\/strong>&nbsp;<\/p>\n\n\n\n<p><strong>S \u2013 as pessoas queriam ir para o trabalho\u2026<\/strong><strong><em>(ri)<\/em><\/strong><strong>. A uma senhora que insistia em passar, tive de lhe dizer \u00ab\u00d3 minha senhora, hoje n\u00e3o se trabalha. Amanh\u00e3, talvez\u2026 mas hoje n\u00e3o! Nem hoje, nem nos dias 25 de Abril que vierem, porque esta data passar\u00e1 a ser feriado!\u00bb<\/strong>&nbsp;<\/p>\n\n\n\n<p><strong>K \u2013 isso n\u00e3o&nbsp;<\/strong><strong>h\u00e1-de<\/strong><strong>&nbsp;durar toda a vida.<\/strong>&nbsp;<\/p>\n\n\n\n<p><strong>V \u2013 j\u00e1 chegou o Diabo? a ave agoirenta?<\/strong>&nbsp;<\/p>\n\n\n\n<p><strong><em>A \u2013 e assim come\u00e7ou a Revolu\u00e7\u00e3o dos Cravos, porqu\u00ea este nome?<\/em><\/strong>&nbsp;<\/p>\n\n\n\n<p><strong><em>S \u2013 foi um acidente . Uma senhora\u2026<\/em><\/strong>&nbsp;<\/p>\n\n\n\n<p><strong><em>V \u2013 deixe eu contar, como apareceu essa hero\u00edna. Ningu\u00e9m a conhecia, era a Celeste\u00a0<\/em><\/strong><strong><em>Caeiro<\/em><\/strong><strong><em>. Trabalhava num restaurante, o patr\u00e3o mandou\u00a0<\/em><\/strong><strong><em>-a<\/em><\/strong><strong><em>\u00a0para casa, e ela saiu com os cravos.<\/em><\/strong>\u00a0<\/p>\n\n\n\n<p><strong><em>A \u2013 que engra\u00e7ado.<\/em><\/strong>&nbsp;<\/p>\n\n\n\n<p><strong><em>V \u2013 oi\u00e7am as palavras dela\u2026&nbsp;<\/em><\/strong>&nbsp;<\/p>\n\n\n\n<p><strong>\u201c<em>Um soldado pediu-me um cigarro, mas eu n\u00e3o tinha. Nunca fumei. Dei-lhe um cravo, que ele p\u00f4s no cano da espingarda. Um colega fez o mesmo, depois os outros imitaram-nos. Dei os cravos todos\u201d, conta \u00e0 \u201cNot\u00edcias Magazine\u201d, sustendo, a custo, as l\u00e1grimas. \u201c\u00c9 a emo\u00e7\u00e3o pela liberdade. Foi o dia mais feliz da minha vida. Foi muito bonito.\u201d<\/em><\/strong>\u00a0&#8230;&#8230;..<\/p>\n\n\n\n<p><\/p>\n\n\n\n<h2 class=\"wp-block-heading\">SALGUEIRO MAIA vs ARNALDO SILVA<\/h2>\n\n\n\n<p>Arnaldo Silva vai ser o capit\u00e3o Liberdade. Todos sabemos que Otelo Saraiva de Carvalho foi o c\u00e9rebro da Revolu\u00e7\u00e3o, foi o apaixonado, o ut\u00f3pico o major revolucion\u00e1rio e, quem quiser substituir a figura incontorn\u00e1vel  e carism\u00e1tica do 25 de abril, est\u00e1 bem enganado. Mas, o seu a seu dono. No palco das opera\u00e7\u00f5es, no calor da a\u00e7\u00e3o e da tens\u00e3o esteve um homem de elevado valor e de grande capacidade de lideran\u00e7a: <strong>Salgueiro Maia<\/strong>. Arnaldo Silva vai ser a sua voz no di\u00e1logo do fim-de-tarde de 23 de abril. Arnaldo, antes daquela data, desenvolvia um trabalho de formiguinha nos clubes recreativos e culturais da zona de Vila Franca de Xira. No Vilafranquense , nos cineclubes locais e acabou por ser preso pelas for\u00e7as repressivas do fascismo. Mais tarde, exilado em Paris, dinamizou v\u00e1rias atividades culturais e de combate anti-fascista nos grupos de teatro e nas associa\u00e7\u00f5es da cidade luz. Depois do 25 de abril, para al\u00e9m das experi\u00eancias como autarca, manteve a sua paix\u00e3o pela interven\u00e7\u00e3o cultural tendo participado nas atividades da Comiss\u00e3o Promotora do Museu do Neo-realisno e iniciativas da Cooperativa Alves Redol em Vila Franca de Xira.<\/p>\n\n\n\n<p><\/p>\n\n\n\n<div class=\"wp-block-cover alignwide has-background-dim-20 has-background-dim is-position-center-center\" style=\"min-height:375px;aspect-ratio:unset;\"><img loading=\"lazy\" decoding=\"async\" width=\"883\" height=\"698\" class=\"wp-block-cover__image-background wp-image-3379\" alt=\"\" src=\"http:\/\/aep61-74.org\/wp-content\/uploads\/2021\/04\/arnaldo.png\" style=\"object-position:40% 26%\" data-object-fit=\"cover\" data-object-position=\"40% 26%\" srcset=\"https:\/\/aep61-74.org\/wp-content\/uploads\/2021\/04\/arnaldo.png 883w, https:\/\/aep61-74.org\/wp-content\/uploads\/2021\/04\/arnaldo-300x237.png 300w, https:\/\/aep61-74.org\/wp-content\/uploads\/2021\/04\/arnaldo-768x607.png 768w\" sizes=\"auto, (max-width: 883px) 100vw, 883px\" \/><div class=\"wp-block-cover__inner-container is-layout-flow wp-block-cover-is-layout-flow\">\n<p class=\"has-text-align-center has-text-color\" style=\"color:#fffffa;font-size:74px;line-height:1.1\">Arnaldo Silva<\/p>\n<\/div><\/div>\n\n\n\n<p><\/p>\n\n\n\n<h2 class=\"wp-block-heading\">MARIA VELEDA vs IRENE PIMENTEL<\/h2>\n\n\n\n<p>Maria Veleda era o  pseud\u00f3nimo de Maria Carolina Frederico Crispim que foi uma professora, jornalista, activista feminista, republicana, livre pensadora, ma\u00e7\u00f3nica e espiritualista que tendo nascido no ano da Comuna de Paris atravessou em vida a primeira parte do s\u00e9culo XX at\u00e9 1955. Quem lhe dar\u00e1 voz ser\u00e1 Irene Pimentel, uma militante e ativista das grandes causas dos nossos tempos e uma figura de grande influ\u00eancia pol\u00edtica e ideol\u00f3gica por via das diversas atividades que realiza, mas sobretudo pelos resultados das suas investiga\u00e7\u00f5es como historiadora que fornecem uma luz fundamental a acontecimentos e per\u00edodos da Hist\u00f3ria Contempor\u00e2nea que armam todos aqueles que condenam o fascismo, os regimes autorit\u00e1rios, o neoliberalismo e a injusti\u00e7a social.<\/p>\n\n\n\n<p><\/p>\n\n\n\n<div class=\"wp-block-cover alignwide has-background-dim-20 has-background-dim is-position-center-center\" style=\"min-height:375px;aspect-ratio:unset;\"><img loading=\"lazy\" decoding=\"async\" width=\"852\" height=\"629\" class=\"wp-block-cover__image-background wp-image-3380\" alt=\"\" src=\"http:\/\/aep61-74.org\/wp-content\/uploads\/2021\/04\/irene2.png\" style=\"object-position:40% 26%\" data-object-fit=\"cover\" data-object-position=\"40% 26%\" srcset=\"https:\/\/aep61-74.org\/wp-content\/uploads\/2021\/04\/irene2.png 852w, https:\/\/aep61-74.org\/wp-content\/uploads\/2021\/04\/irene2-300x221.png 300w, https:\/\/aep61-74.org\/wp-content\/uploads\/2021\/04\/irene2-768x567.png 768w, https:\/\/aep61-74.org\/wp-content\/uploads\/2021\/04\/irene2-80x60.png 80w\" sizes=\"auto, (max-width: 852px) 100vw, 852px\" \/><div class=\"wp-block-cover__inner-container is-layout-flow wp-block-cover-is-layout-flow\">\n<p class=\"has-text-align-center has-text-color\" style=\"color:#fffffa;font-size:74px;line-height:1.1\"><strong>Irene Pimentel<\/strong><\/p>\n<\/div><\/div>\n\n\n\n<p><\/p>\n\n\n\n<h2 class=\"wp-block-heading\">KA\u00daLZA DE ARRIAGA vs M\u00c1RIO TOM\u00c9<\/h2>\n\n\n\n<p>Ka\u00falza, para os opositores ao regime antes do 25 de abril, foi aquilo que foi e, aquilo que n\u00e3o foi. Quantos milhares de exilados, de desertores e de refrat\u00e1rios, que desenvolviam a\u00e7\u00e3o pol\u00edtica fora do pa\u00eds, no dia 25 de abril 1974 pronunciaram o nome do comandante da opera\u00e7\u00e3o N\u00f3 G\u00f3rdio na d\u00favida da autoria do golpe militar que estava a ocorrer nas ruas de Lisboa? Quem ir\u00e1 participar nos di\u00e1logos deste Encontro Imagin\u00e1rio em seu nome ser\u00e1 M\u00e1rio Tom\u00e9, capit\u00e3o de Abril e ex-deputado na Assembleia da Rep\u00fablica.<\/p>\n\n\n\n<p><\/p>\n\n\n\n<div class=\"wp-block-cover alignwide has-background-dim-20 has-background-dim is-position-center-center\" style=\"min-height:375px;aspect-ratio:unset;\"><img loading=\"lazy\" decoding=\"async\" width=\"1293\" height=\"881\" class=\"wp-block-cover__image-background wp-image-3381\" alt=\"\" src=\"http:\/\/aep61-74.org\/wp-content\/uploads\/2021\/04\/tome4.png\" style=\"object-position:29% 52%\" data-object-fit=\"cover\" data-object-position=\"29% 52%\" srcset=\"https:\/\/aep61-74.org\/wp-content\/uploads\/2021\/04\/tome4.png 1293w, https:\/\/aep61-74.org\/wp-content\/uploads\/2021\/04\/tome4-300x204.png 300w, https:\/\/aep61-74.org\/wp-content\/uploads\/2021\/04\/tome4-1024x698.png 1024w, https:\/\/aep61-74.org\/wp-content\/uploads\/2021\/04\/tome4-768x523.png 768w\" sizes=\"auto, (max-width: 1293px) 100vw, 1293px\" \/><div class=\"wp-block-cover__inner-container is-layout-flow wp-block-cover-is-layout-flow\">\n<p class=\"has-text-align-center has-text-color\" style=\"color:#fffffa;font-size:74px;line-height:1.1\"><strong>M\u00e1rio Tom\u00e9<\/strong><\/p>\n<\/div><\/div>\n\n\n\n<p>O modelo dos Encontros Imagin\u00e1rios constitui, no plano do chamado Teatro de Interven\u00e7\u00e3o, uma refer\u00eancia obrigat\u00f3ria pela combina\u00e7\u00e3o que assegura de forma particularmente criativa entre a participa\u00e7\u00e3o da Sociedade Civil e os conte\u00fados cr\u00edticos, mordazes e acutilantes dos  di\u00e1logos entre as personagens, de v\u00e1rios per\u00edodos hist\u00f3ricos, que se encontam no espa\u00e7o e no tempo \u00fateis para a cr\u00edtica social. Helder Costa \u00e9 o autor do modelo e dos di\u00e1logos.<\/p>\n\n\n\n<h2 class=\"wp-block-heading\">H\u00c9LDER COSTA<\/h2>\n\n\n\n<p><\/p>\n\n\n\n<div class=\"wp-block-cover alignwide has-background-dim-20 has-background-dim is-position-center-center\" style=\"min-height:375px;aspect-ratio:unset;\"><img loading=\"lazy\" decoding=\"async\" width=\"435\" height=\"304\" class=\"wp-block-cover__image-background wp-image-2733\" alt=\"\" src=\"http:\/\/aep61-74.org\/wp-content\/uploads\/2021\/01\/heleder-1.jpg\" style=\"object-position:40% 26%\" data-object-fit=\"cover\" data-object-position=\"40% 26%\" srcset=\"https:\/\/aep61-74.org\/wp-content\/uploads\/2021\/01\/heleder-1.jpg 435w, https:\/\/aep61-74.org\/wp-content\/uploads\/2021\/01\/heleder-1-300x210.jpg 300w\" sizes=\"auto, (max-width: 435px) 100vw, 435px\" \/><div class=\"wp-block-cover__inner-container is-layout-flow wp-block-cover-is-layout-flow\">\n<p class=\"has-text-align-center has-text-color\" style=\"color:#fffffa;font-size:74px;line-height:1.1\"><strong>H\u00e9lder Costa<\/strong><\/p>\n<\/div><\/div>\n\n\n\n<p><a href=\"https:\/\/www.facebook.com\/events\/1256385521431366\">MAIS INFORMA\u00c7\u00c3O<\/a><\/p>\n","protected":false},"excerpt":{"rendered":"<div class=\"mh-excerpt\"><p>SEM FRONTEIRAS | Encontro Imagin\u00e1rio No dia 23 de abril, \u00e0s 17h30, na A Barraca ter\u00e1 lugar um ENCONTRO IMAGIN\u00c1RIO cujo tema central \u00e9 o 25 de abril. As personagens, Salgueiro Maia, Ka\u00falza de Arriaga <a class=\"mh-excerpt-more\" href=\"https:\/\/aep61-74.org\/index.php\/2021\/04\/21\/abril-2021-imaginem-um-encontro-extraordinario\/\" title=\"ABRIL 2021 |  Imaginem um encontro extraordin\u00e1rio\">[&#8230;]<\/a><\/p>\n<\/div>","protected":false},"author":1,"featured_media":3383,"comment_status":"open","ping_status":"open","sticky":true,"template":"","format":"standard","meta":{"rop_custom_images_group":[],"rop_custom_messages_group":[],"rop_publish_now":"initial","rop_publish_now_accounts":[],"rop_publish_now_history":[],"rop_publish_now_status":"pending","footnotes":""},"categories":[244,188],"tags":[191],"class_list":{"0":"post-3376","1":"post","2":"type-post","3":"status-publish","4":"format-standard","5":"has-post-thumbnail","7":"category-projetos","8":"category-total-peace","9":"tag-25abril2021"},"_links":{"self":[{"href":"https:\/\/aep61-74.org\/index.php\/wp-json\/wp\/v2\/posts\/3376","targetHints":{"allow":["GET"]}}],"collection":[{"href":"https:\/\/aep61-74.org\/index.php\/wp-json\/wp\/v2\/posts"}],"about":[{"href":"https:\/\/aep61-74.org\/index.php\/wp-json\/wp\/v2\/types\/post"}],"author":[{"embeddable":true,"href":"https:\/\/aep61-74.org\/index.php\/wp-json\/wp\/v2\/users\/1"}],"replies":[{"embeddable":true,"href":"https:\/\/aep61-74.org\/index.php\/wp-json\/wp\/v2\/comments?post=3376"}],"version-history":[{"count":1,"href":"https:\/\/aep61-74.org\/index.php\/wp-json\/wp\/v2\/posts\/3376\/revisions"}],"predecessor-version":[{"id":3382,"href":"https:\/\/aep61-74.org\/index.php\/wp-json\/wp\/v2\/posts\/3376\/revisions\/3382"}],"wp:featuredmedia":[{"embeddable":true,"href":"https:\/\/aep61-74.org\/index.php\/wp-json\/wp\/v2\/media\/3383"}],"wp:attachment":[{"href":"https:\/\/aep61-74.org\/index.php\/wp-json\/wp\/v2\/media?parent=3376"}],"wp:term":[{"taxonomy":"category","embeddable":true,"href":"https:\/\/aep61-74.org\/index.php\/wp-json\/wp\/v2\/categories?post=3376"},{"taxonomy":"post_tag","embeddable":true,"href":"https:\/\/aep61-74.org\/index.php\/wp-json\/wp\/v2\/tags?post=3376"}],"curies":[{"name":"wp","href":"https:\/\/api.w.org\/{rel}","templated":true}]}}