{"id":4099,"date":"2021-09-24T09:07:37","date_gmt":"2021-09-24T09:07:37","guid":{"rendered":"http:\/\/aep61-74.org\/?p=4099"},"modified":"2021-09-25T22:12:25","modified_gmt":"2021-09-25T22:12:25","slug":"quem-somos","status":"publish","type":"post","link":"https:\/\/aep61-74.org\/index.php\/2021\/09\/24\/quem-somos\/","title":{"rendered":"QUEM SOMOS"},"content":{"rendered":"\n<p>AEP61\/74 | ASSOCIA\u00c7\u00c3O DE EXILADOS POL\u00cdTICOS PORTUGUESES<\/p>\n\n\n\n<p><\/p>\n\n\n\n<p>Exilados pol\u00edticos no per\u00edodo da ditadura e da guerra colonial, 1961-1974, constitu\u00edram a AEP61\/74 que re\u00fane exilados, desertores da Guerra Colonial, refrat\u00e1rios e outros opositores ao regime e \u00e0 guerra nas col\u00f3nias. <\/p>\n\n\n\n<p>S\u00e3o ainda s\u00f3cios e amigos da associa\u00e7\u00e3o antifascistas, defensores da democracia e da liberdade e opositores \u00e0 Guerra.<\/p>\n\n\n\n<h2 class=\"wp-block-heading\">FUNDADORES<\/h2>\n\n\n\n<ul class=\"wp-block-list\"><li><strong>Ana Rosenheim<\/strong><\/li><li><strong>Carlos Ribeiro<\/strong><\/li><li><strong>Fernando Cardeira<\/strong><\/li><li><strong>Fernando Cardoso<\/strong><\/li><li><strong>Joaquim Saraiva<\/strong><\/li><li><strong>Jos\u00e9 Torres<\/strong><\/li><li><strong>Manuel Branco<\/strong><\/li><li><strong>Merita Andrade<\/strong><\/li><li><strong>Rui Mota<\/strong><\/li><li><strong>Teresa Couto<\/strong><\/li><li><strong>Teresa Perdig\u00e3o<\/strong><\/li><\/ul>\n\n\n\n<p>Os \u00f3rg\u00e3os sociais<\/p>\n\n\n\n<p>A composi\u00e7\u00e3o atual dos \u00d3rg\u00e3os Sociais \u00e9 a seguinte<\/p>\n\n\n\n<h3 class=\"wp-block-heading\">MANDATO 2020-2023<\/h3>\n\n\n\n<p><br><strong>Mesa da Assembleia Geral<\/strong><\/p>\n\n\n\n<p>Presidente Carlos Valentim Ribeiro<br>1\u00aa Secret\u00e1ria Beatriz Abrantes<br>2\u00aa Secret\u00e1ria Teresa Couto<br><br><strong>Dire\u00e7\u00e3o<\/strong><br>Presidente Fernanda Marques<br>Vice-Presidente Carlos Neves<br>Tesoureiro Jos\u00e9 Martins<br>Secret\u00e1rio Fernando Nunes<br>Vogal Vasco Martins<br><br><strong>Conselho Fiscal<\/strong><br>Presidente Joaquim Saraiva<br>1\u00ba Secret\u00e1rio Manuel Lopes Rodrigues<br>2\u00ba Secret\u00e1rio Manuel Valente Tavares<br>Vogal Suplente Irene Martins<\/p>\n\n\n\n<p>Os \u00f2rg\u00e3os Sociais anteriores podem ser consultados em<\/p>\n\n\n\n<p><a href=\"http:\/\/aep61-74.org\/index.php\/a-aep\/\">HIST\u00d3RICO<\/a><\/p>\n","protected":false},"excerpt":{"rendered":"<div class=\"mh-excerpt\"><p>AEP61\/74 | ASSOCIA\u00c7\u00c3O DE EXILADOS POL\u00cdTICOS PORTUGUESES Exilados pol\u00edticos no per\u00edodo da ditadura e da guerra colonial, 1961-1974, constitu\u00edram a AEP61\/74 que re\u00fane exilados, desertores da Guerra Colonial, refrat\u00e1rios e outros opositores ao regime e <a class=\"mh-excerpt-more\" href=\"https:\/\/aep61-74.org\/index.php\/2021\/09\/24\/quem-somos\/\" title=\"QUEM SOMOS\">[&#8230;]<\/a><\/p>\n<\/div>","protected":false},"author":1,"featured_media":1719,"comment_status":"open","ping_status":"open","sticky":true,"template":"","format":"standard","meta":{"rop_custom_images_group":[],"rop_custom_messages_group":[],"rop_publish_now":"initial","rop_publish_now_accounts":[],"rop_publish_now_history":[],"rop_publish_now_status":"pending","footnotes":""},"categories":[240],"tags":[246],"class_list":{"0":"post-4099","1":"post","2":"type-post","3":"status-publish","4":"format-standard","5":"has-post-thumbnail","7":"category-aep","8":"tag-apresentacao"},"_links":{"self":[{"href":"https:\/\/aep61-74.org\/index.php\/wp-json\/wp\/v2\/posts\/4099","targetHints":{"allow":["GET"]}}],"collection":[{"href":"https:\/\/aep61-74.org\/index.php\/wp-json\/wp\/v2\/posts"}],"about":[{"href":"https:\/\/aep61-74.org\/index.php\/wp-json\/wp\/v2\/types\/post"}],"author":[{"embeddable":true,"href":"https:\/\/aep61-74.org\/index.php\/wp-json\/wp\/v2\/users\/1"}],"replies":[{"embeddable":true,"href":"https:\/\/aep61-74.org\/index.php\/wp-json\/wp\/v2\/comments?post=4099"}],"version-history":[{"count":3,"href":"https:\/\/aep61-74.org\/index.php\/wp-json\/wp\/v2\/posts\/4099\/revisions"}],"predecessor-version":[{"id":4124,"href":"https:\/\/aep61-74.org\/index.php\/wp-json\/wp\/v2\/posts\/4099\/revisions\/4124"}],"wp:featuredmedia":[{"embeddable":true,"href":"https:\/\/aep61-74.org\/index.php\/wp-json\/wp\/v2\/media\/1719"}],"wp:attachment":[{"href":"https:\/\/aep61-74.org\/index.php\/wp-json\/wp\/v2\/media?parent=4099"}],"wp:term":[{"taxonomy":"category","embeddable":true,"href":"https:\/\/aep61-74.org\/index.php\/wp-json\/wp\/v2\/categories?post=4099"},{"taxonomy":"post_tag","embeddable":true,"href":"https:\/\/aep61-74.org\/index.php\/wp-json\/wp\/v2\/tags?post=4099"}],"curies":[{"name":"wp","href":"https:\/\/api.w.org\/{rel}","templated":true}]}}