{"id":4149,"date":"2022-03-14T10:27:35","date_gmt":"2022-03-14T10:27:35","guid":{"rendered":"https:\/\/aep61-74.org\/?p=4149"},"modified":"2022-03-14T10:27:41","modified_gmt":"2022-03-14T10:27:41","slug":"relatorio-de-prestacao-de-contas-aprovado-por-unanimidade-na-assembleia-geral","status":"publish","type":"post","link":"https:\/\/aep61-74.org\/index.php\/2022\/03\/14\/relatorio-de-prestacao-de-contas-aprovado-por-unanimidade-na-assembleia-geral\/","title":{"rendered":"Relat\u00f3rio de presta\u00e7\u00e3o de contas aprovado  por unanimidade na Assembleia Geral"},"content":{"rendered":"\n<p><span class=\"has-inline-color has-vivid-red-color\"><strong>VIDA ASSOCIATIVA<\/strong><\/span> | Assembleia Geral da AEP61\/74-Associa\u00e7\u00e3o de Exilados Pol\u00edticos Portugueses<\/p>\n\n\n\n<p>Realizou-se, no passado s\u00e1bado dia 12 de mar\u00e7o, a Assembleia Geral Ordin\u00e1ria na qual os associados avaliam anualmente o Relat\u00f3rio e Contas que a Dire\u00e7\u00e3o apresenta, tendo estado presentes associados de Portugal, Fran\u00e7a e Dinamarca.<\/p>\n\n\n\n<p>O Relat\u00f3rio exaustivo e muito pormenorizado das atividades realizadas e das abordagens que foram sendo concretizadas na condu\u00e7\u00e3o das iniciativas foi elogiado pelos presentes que indicaram que esta forma de prestar contas aos s\u00f3cios d\u00e1 confian\u00e7a e revela uma transpar\u00eancia que deve existir nas associa\u00e7\u00f5es.<\/p>\n\n\n\n<p>Tamb\u00e9m em rela\u00e7\u00e3o \u00e0s contas, a exist\u00eancia de um bom equil\u00edbrio financeiro e o fato de estar a ser assegurado um forte controle das despesas que s\u00e3o realizadas nas atividades, quer pelo tesoureiro quer pela dire\u00e7\u00e3o, tranquilizam os associados que no entanto alertaram para uma certa depend\u00eancia das receitas, em forma de subs\u00eddios, oriundas dos programas europeus. Este aspecto, com algum risco para uma gest\u00e3o saud\u00e1vel das contas, foi tamb\u00e9m salientado pelo Conselho Fiscal.<\/p>\n\n\n\n<p>No final o Relat\u00f3rio de Atividades foi aprovado por unanimidade, assim como as Contas que obtiveram uma vota\u00e7\u00e3o un\u00e2nime.<\/p>\n\n\n\n<p>Relembramos alguns apontamentos da atividade realizada:<\/p>\n\n\n\n<h2 class=\"wp-block-heading\">Pandemia<\/h2>\n\n\n\n<p>O ano de 2021\u00a0tamb\u00e9m<ins>\u00a0<\/ins>foi marcado por sucessivos constrangimentos\u00a0que condicionaram as<ins>\u00a0<\/ins>atividades previstas no Plano da AEP61-74 para esse ano implicando a suspens\u00e3o e o adiamento de muitas delas<ins>.<\/ins>\u00a0O foco da associa\u00e7\u00e3o foi orientado para as\u00a0\u00a0actividades que pudessem ser desenvolvidas \u00e0 dist\u00e2ncia ou on-line.<\/p>\n\n\n\n<p>A apesar das limita\u00e7\u00f5es impostas pela pandemia:<\/p>\n\n\n\n<h2 class=\"wp-block-heading\">Comunica\u00e7\u00e3o<\/h2>\n\n\n\n<p>Prosseguiu-se e aprofundou-se o projecto de comunica\u00e7\u00e3o Sem Fronteiras\u201d e procedeu-se \u00e0 sua autonomiza\u00e7\u00e3o. O site da AEP61-74 tamb\u00e9m foi autonomizado conforme decis\u00e3o da assembleia geral de mar\u00e7o de 2021;<\/p>\n\n\n\n<h2 class=\"wp-block-heading\">#ECOS<\/h2>\n\n\n\n<p>Deu-se continuidade \u00e0s atividades do projeto #ECOS;<\/p>\n\n\n\n<h2 class=\"wp-block-heading\">Projeto europeu People<\/h2>\n\n\n\n<p>Integrou-se a parceria europeia do projeto \u201cPEOPLE\u201d cuja informa\u00e7\u00e3o integra Anexo I do Plano de Actividades 2022 aprovado em Dezembro de 2021;<\/p>\n\n\n\n<h2 class=\"wp-block-heading\">Projeto europeu TOTAL PEACE<\/h2>\n\n\n\n<p>No quadro do projecto europeu \u201cTOTAL PEACE\u201d concretiz\u00e1mos a actividade da responsabilidade da AEP61-74 em Abril de 2021 denominada Paz e Liberdade &#8211; Fui ao Abril da Celeste e particip\u00e1mos nas restantes actividades desenvolvidas \u00e0 dist\u00e2ncia pelos parceiros europeus;<\/p>\n\n\n\n<h2 class=\"wp-block-heading\">Ex\u00edlios sem fronteiras- Ex\u00edlios.3<\/h2>\n\n\n\n<p>Concluiu-se a edi\u00e7\u00e3o do \u201cEx\u00edlios Sem Fronteiras \u2013 Ex\u00edlios.3\u201d e procedeu-se \u00e0 sua entrega em tipografia.<\/p>\n\n\n\n<h2 class=\"wp-block-heading\">Campanhas dos livros Ex\u00edlios<\/h2>\n\n\n\n<p>Foram lan\u00e7adas on-line as campanhas de aquisi\u00e7\u00e3o on-line dos livros \u201cEx\u00edlios\u201d e \u201cEx\u00edlios 2\u201d e \u201cpr\u00e9-compra solid\u00e1ria do \u201cEx\u00edlios Sem Fronteiras \u2013 Ex\u00edlios 3\u201d<\/p>\n\n\n\n<h2 class=\"wp-block-heading\">Ex\u00edlios no feminino<\/h2>\n\n\n\n<p>Deu-se seguimento \u00e0 prepara\u00e7\u00e3o para edi\u00e7\u00e3o do \u201cEx\u00edlios no Feminino\u201d e viu-se confirmada a aprova\u00e7\u00e3o por parte da RTP2 de um programa que tem por base esta publica\u00e7\u00e3o, realizado por Edgar Feldman, que \u00e9 constitu\u00eddo por dois epis\u00f3dios de 50 minutos cada. Ambos os epis\u00f3dios come\u00e7ar\u00e3o a ser filmados em Mar\u00e7o 2022.<\/p>\n\n\n\n<h2 class=\"wp-block-heading\">ODTI<\/h2>\n\n\n\n<p>Participa\u00e7\u00e3o e desenvolvimento de actividades na Confer\u00eancia comemorativa dos 50 anos da ODTI em Grenoble bem como no apoio institucional \u00e0 edi\u00e7\u00e3o em livro dos materiais relativos a esta Confer\u00eancia.<\/p>\n\n\n\n<figure class=\"wp-block-image size-large\"><img loading=\"lazy\" decoding=\"async\" width=\"1024\" height=\"390\" src=\"https:\/\/aep61-74.org\/wp-content\/uploads\/2022\/03\/banner-Ag-1024x390.jpg\" alt=\"\" class=\"wp-image-4152\" srcset=\"https:\/\/aep61-74.org\/wp-content\/uploads\/2022\/03\/banner-Ag-1024x390.jpg 1024w, https:\/\/aep61-74.org\/wp-content\/uploads\/2022\/03\/banner-Ag-300x114.jpg 300w, https:\/\/aep61-74.org\/wp-content\/uploads\/2022\/03\/banner-Ag-768x292.jpg 768w, https:\/\/aep61-74.org\/wp-content\/uploads\/2022\/03\/banner-Ag.jpg 1313w\" sizes=\"auto, (max-width: 1024px) 100vw, 1024px\" \/><\/figure>\n","protected":false},"excerpt":{"rendered":"<div class=\"mh-excerpt\"><p>VIDA ASSOCIATIVA | Assembleia Geral da AEP61\/74-Associa\u00e7\u00e3o de Exilados Pol\u00edticos Portugueses Realizou-se, no passado s\u00e1bado dia 12 de mar\u00e7o, a Assembleia Geral Ordin\u00e1ria na qual os associados avaliam anualmente o Relat\u00f3rio e Contas que a <a class=\"mh-excerpt-more\" href=\"https:\/\/aep61-74.org\/index.php\/2022\/03\/14\/relatorio-de-prestacao-de-contas-aprovado-por-unanimidade-na-assembleia-geral\/\" title=\"Relat\u00f3rio de presta\u00e7\u00e3o de contas aprovado  por unanimidade na Assembleia Geral\">[&#8230;]<\/a><\/p>\n<\/div>","protected":false},"author":1,"featured_media":4155,"comment_status":"open","ping_status":"open","sticky":true,"template":"","format":"standard","meta":{"rop_custom_images_group":[],"rop_custom_messages_group":[],"rop_publish_now":"initial","rop_publish_now_accounts":[],"rop_publish_now_history":[],"rop_publish_now_status":"pending","footnotes":""},"categories":[240,6],"tags":[138],"class_list":{"0":"post-4149","1":"post","2":"type-post","3":"status-publish","4":"format-standard","5":"has-post-thumbnail","7":"category-aep","8":"category-vida-associativa","9":"tag-assembleia-geral"},"_links":{"self":[{"href":"https:\/\/aep61-74.org\/index.php\/wp-json\/wp\/v2\/posts\/4149","targetHints":{"allow":["GET"]}}],"collection":[{"href":"https:\/\/aep61-74.org\/index.php\/wp-json\/wp\/v2\/posts"}],"about":[{"href":"https:\/\/aep61-74.org\/index.php\/wp-json\/wp\/v2\/types\/post"}],"author":[{"embeddable":true,"href":"https:\/\/aep61-74.org\/index.php\/wp-json\/wp\/v2\/users\/1"}],"replies":[{"embeddable":true,"href":"https:\/\/aep61-74.org\/index.php\/wp-json\/wp\/v2\/comments?post=4149"}],"version-history":[{"count":1,"href":"https:\/\/aep61-74.org\/index.php\/wp-json\/wp\/v2\/posts\/4149\/revisions"}],"predecessor-version":[{"id":4154,"href":"https:\/\/aep61-74.org\/index.php\/wp-json\/wp\/v2\/posts\/4149\/revisions\/4154"}],"wp:featuredmedia":[{"embeddable":true,"href":"https:\/\/aep61-74.org\/index.php\/wp-json\/wp\/v2\/media\/4155"}],"wp:attachment":[{"href":"https:\/\/aep61-74.org\/index.php\/wp-json\/wp\/v2\/media?parent=4149"}],"wp:term":[{"taxonomy":"category","embeddable":true,"href":"https:\/\/aep61-74.org\/index.php\/wp-json\/wp\/v2\/categories?post=4149"},{"taxonomy":"post_tag","embeddable":true,"href":"https:\/\/aep61-74.org\/index.php\/wp-json\/wp\/v2\/tags?post=4149"}],"curies":[{"name":"wp","href":"https:\/\/api.w.org\/{rel}","templated":true}]}}