{"id":4157,"date":"2022-11-28T18:26:58","date_gmt":"2022-11-28T18:26:58","guid":{"rendered":"http:\/\/aep61-74.org\/?p=4157"},"modified":"2022-12-14T13:12:55","modified_gmt":"2022-12-14T13:12:55","slug":"projeto-people-em-portugal","status":"publish","type":"post","link":"https:\/\/aep61-74.org\/index.php\/2022\/11\/28\/projeto-people-em-portugal\/","title":{"rendered":"Projeto PEOPLE em Portugal"},"content":{"rendered":"\n<p><\/p>\n\n\n\n<p>AEP61-74 &#8211; ASSOCIA\u00c7\u00c3O DE EXILADOS POL\u00cdTICOS PORTUGUESES&nbsp;<\/p>\n\n\n\n<p>JORNADAS PEOPLE&nbsp; | LISBOA \u2013 MARINHA GRANDE&nbsp;<\/p>\n\n\n\n<p>27-28 E 29 DE OUTUBRO 2022&nbsp;<\/p>\n\n\n\n<p><strong>O QUE S\u00c3O | <\/strong>PEOPLE Encounter, what\u00b4s exactly?<\/p>\n\n\n\n<p>Um encontro de institui\u00e7\u00f5es e de pessoas em torno do tema das persegui\u00e7\u00f5es, da opress\u00e3o, da discrimina\u00e7\u00e3o e da repress\u00e3o nos regimes autorit\u00e1rios no s\u00e9culo XX na Europa.&nbsp; Trata-se do \u00faltimo evento de um projeto europeu apoiado pelo Programa Europa para os Cidad\u00e3os. Os diversos parceiros do projeto estar\u00e3o representados. No primeiro dia (27) as atividades ser\u00e3o repartidas entre Lisboa e a Marinha Grande. Nos dias seguintes todas as atividades ter\u00e3o lugar na Marinha Grande.&nbsp;<\/p>\n\n\n\n<p><em>A meeting of institutions and people around the topic of persecution, oppression, discrimination and repression in authoritarian regimes in the 20th century in Europe. This is the last event of a European project supported by the Europe for Citizens Program. The various project partners will be represented. On the first day (27) the activities will be divided between Lisbon and Marinha Grande. In the following days all activities will take place in Marinha Grande.<\/em>&nbsp;<\/p>\n\n\n\n<p><strong>QUAIS S\u00c3O OS OBJETIVOS | Goals<\/strong>&nbsp;<\/p>\n\n\n\n<p>Para al\u00e9m da troca de experi\u00eancias e do conv\u00edvio entre cidad\u00e3os europeus a principal meta das jornadas consiste na sistematiza\u00e7\u00e3o de ideias e das pr\u00e1ticas em torno da interroga\u00e7\u00e3o seguinte:&nbsp;<\/p>\n\n\n\n<p>Como podem os jovens europeus abordar os temas dos diversos totalitarismos para desenvolverem uma cultura e realizarem a\u00e7\u00f5es pr\u00e1ticas em favor da democracia. da liberdade.&nbsp;<\/p>\n\n\n\n<p><em>In addition to exchanging experiences and socializing between European citizens, the main goal of the days is to systematize ideas and practices around the following question:<\/em>&nbsp;<\/p>\n\n\n\n<p><em>How can young Europeans approach the themes of different totalitarianisms to develop a culture and carry out practical actions in favor of democracy. of freedom.<\/em>&nbsp;<\/p>\n\n\n\n<p><strong>QUEM EST\u00c1 ENVOLVIDO | Who is envolved<\/strong>&nbsp;<\/p>\n\n\n\n<p>A AEP61-74 &#8211; Associa\u00e7\u00e3o de Exilados Pol\u00edticos Portugueses, a Associa\u00e7\u00e3o Cultural e Recreativa da Comeira, a C\u00e2mara Municipal da Marinha Grande, o Agrupamento de Escola Marinha Grande Poente, a Associa\u00e7\u00e3o Jos\u00e9 Afonso, o Museu do Aljube Resist\u00eancia e Liberdade, a Rede Portugal entre Patrim\u00f3nios, o Teatro \u00e0 Solta, Eva Ribeiro Produ\u00e7\u00f5es.&nbsp;<\/p>\n\n\n\n<p><em>The AEP61-74 &#8211; Portuguese Political Exiles Association, the Cultural and Recreation Association of Comeira, the Marinha Grande City Council, the Marinha Grande Poente School Group, the Jos\u00e9 Afonso Association, the Museum of Aljube Resistance and Freedom, the Portugal Network among Heritage, Teatro \u00e0 Solta, Eva Ribeiro Produ\u00e7\u00f5es.<\/em>&nbsp;<\/p>\n\n\n\n<p>OS PARCEIROS EUROPEUS&nbsp;<\/p>\n\n\n\n<figure class=\"wp-block-image size-large\"><img loading=\"lazy\" decoding=\"async\" width=\"1024\" height=\"231\" src=\"http:\/\/aep61-74.org\/wp-content\/uploads\/2022\/11\/image-1-1024x231.jpeg\" alt=\"\" class=\"wp-image-4159\" srcset=\"https:\/\/aep61-74.org\/wp-content\/uploads\/2022\/11\/image-1-1024x231.jpeg 1024w, https:\/\/aep61-74.org\/wp-content\/uploads\/2022\/11\/image-1-300x68.jpeg 300w, https:\/\/aep61-74.org\/wp-content\/uploads\/2022\/11\/image-1-768x173.jpeg 768w, https:\/\/aep61-74.org\/wp-content\/uploads\/2022\/11\/image-1.jpeg 1048w\" sizes=\"auto, (max-width: 1024px) 100vw, 1024px\" \/><\/figure>\n\n\n\n<figure class=\"wp-block-table\"><table><tbody><tr><td>ASSOCIA\u00c7\u00c3O ATRIUM \u2013 FORLI &#8211; IT\u00c1LIA&nbsp;<\/td><td><img decoding=\"async\" src=\"blob:http:\/\/aep61-74.org\/aca44f11-4eaa-4a46-a853-874919bc7180\">&nbsp;<\/td><\/tr><tr><td>C\u00c2MARA MUNICIPAL DE LABIN &#8211; CRO\u00c1CIA&nbsp;&nbsp;<\/td><td><img decoding=\"async\" src=\"blob:http:\/\/aep61-74.org\/0d176bc0-9f7a-4a08-9b9a-eae88e73c64e\">&nbsp;<\/td><\/tr><tr><td>C\u00c2MARA MUNICIPAL DE DIMITROVGRAD &#8211; BULG\u00c1RIA&nbsp;&nbsp;<\/td><td><img decoding=\"async\" src=\"blob:http:\/\/aep61-74.org\/b4497a37-65d7-4217-b5c4-f4e69e32a6a1\">&nbsp;<\/td><\/tr><tr><td>C\u00c2MARA MUNICIPAL DE SHKODRA &#8211; ALB\u00c2NIA&nbsp;&nbsp;<\/td><td><img decoding=\"async\" src=\"blob:http:\/\/aep61-74.org\/a870de04-4df7-4922-ac83-3743c1f9cce9\">&nbsp;<\/td><\/tr><\/tbody><\/table><\/figure>\n\n\n\n<p>OS LOCAIS DAS JORNADAS | VENUES&nbsp;<\/p>\n\n\n\n<figure class=\"wp-block-table\"><table><tbody><tr><td><img decoding=\"async\" src=\"blob:http:\/\/aep61-74.org\/bf2979e0-b0c1-4cda-9910-45ac5530b5b6\">&nbsp;<\/td><td>&nbsp;MUSEU DO ALJUBE RESIST\u00caNCIA E LIBERDADE&nbsp;<strong>Museu do Aljube | <\/strong><strong>Aljube Museum<\/strong>&nbsp;<br><strong>Rua de Augusto Rosa, 42 \u2022 1100-059 Lisboa<\/strong>&nbsp;<br><strong>&#x200d;<\/strong>&nbsp;<br><strong>Telefone: <\/strong><a href=\"tel:+351215818535\" target=\"_blank\" rel=\"noreferrer noopener\">+351 215 818 535<\/a>&nbsp;<br><strong>Email: <\/strong><a href=\"mailto:info@museudoaljube.pt\" target=\"_blank\" rel=\"noreferrer noopener\">info@museudoaljube.pt<\/a>&nbsp;<\/td><\/tr><tr><td><img decoding=\"async\" src=\"blob:http:\/\/aep61-74.org\/37f0fbaf-2f1e-44a5-8eea-6f87e8f2460c\">&nbsp;<\/td><td>&nbsp;C\u00c2MARA MUNICIPAL DA MARINHA GRANDE&nbsp;<strong>C\u00e2mara Municipal da Marinha Grande | <\/strong><strong>Municipality<\/strong>&nbsp;<br><strong>Pra\u00e7a Guilherme Stephens<\/strong>&nbsp;<br><strong>2430-522 Marinha Grande<\/strong>&nbsp;<br><strong>T 244 573 300<\/strong>&nbsp;<br><strong>E <\/strong><a href=\"mailto:geral@cm-mgrande.pt\" target=\"_blank\" rel=\"noreferrer noopener\">geral@cm-mgrande.pt<\/a>&nbsp;<\/td><\/tr><tr><td><img decoding=\"async\" src=\"blob:http:\/\/aep61-74.org\/24510180-96f6-478a-90e3-faf9c12713b9\">&nbsp;<\/td><td>&nbsp;ESCOLA SECUND\u00c1RIA ENG\u00ba AC\u00c1CIO CALAZANS DUARTE&nbsp;<strong>Escola Secund\u00e1ria Eng\u00ba Ac\u00e1cio Calazans Duar<\/strong>te (escola sede do Agrupamento) | HIGH SCHOOL&nbsp;<br>&#8211; Rua Professor Alberto Nery Capucho, 2430-231 Marinha Grande&nbsp;<br>Telefone: 244575140:&nbsp;<\/td><\/tr><tr><td><img decoding=\"async\" src=\"blob:http:\/\/aep61-74.org\/46c9ba17-f47c-4aec-b546-5ea0ec849a7b\">&nbsp;<\/td><td>&nbsp;EDIF\u00cdCIO DA RESINAGEM &#8211; n\u00facleo de arte contempor\u00e2nea&nbsp;<a href=\"https:\/\/www.google.com\/search?sxsrf=ALiCzsaPS35URB6Hb_AfMfa8RB4mEQKNog:1666437748972&amp;q=edif%C3%ADcio+da+resinagem+-+n%C3%BAcleo+de+arte+contempor%C3%A2nea+marinha+grande+endere%C3%A7o&amp;ludocid=14574304636906526555&amp;sa=X&amp;ved=2ahUKEwjl9sSw3PP6AhXzhc4BHVMDASAQ6BN6BAhPEAI\" target=\"_blank\" rel=\"noreferrer noopener\">Endere\u00e7o<\/a>: R. Bernardino Jos\u00e9 Gomes 8, 2430-262 M.nha Grande&nbsp;<a href=\"https:\/\/www.google.com\/search?sxsrf=ALiCzsaPS35URB6Hb_AfMfa8RB4mEQKNog:1666437748972&amp;q=edif%C3%ADcio+da+resinagem+-+n%C3%BAcleo+de+arte+contempor%C3%A2nea+marinha+grande+telefone&amp;ludocid=14574304636906526555&amp;sa=X&amp;ved=2ahUKEwjl9sSw3PP6AhXzhc4BHVMDASAQ6BN6BAhKEAI\" target=\"_blank\" rel=\"noreferrer noopener\">Telefone<\/a>: <a href=\"https:\/\/www.google.com\/search?q=Edifico+da+resinagem+marinha+grande&amp;oq=Edifico+da+resinagem+marinha+grande&amp;aqs=chrome..69i57.8324j0j15&amp;sourceid=chrome&amp;ie=UTF-8\" target=\"_blank\" rel=\"noreferrer noopener\">244 573\u202f377<\/a>&nbsp;&nbsp;F\u00d3RUM 28 AFTERNOON&nbsp;&nbsp;<\/td><\/tr><tr><td><img decoding=\"async\" src=\"blob:http:\/\/aep61-74.org\/cd1c99de-39d8-43d1-8042-7d2841ce4ffd\">&nbsp;<\/td><td>ASSOCIA\u00c7\u00c3O CULTURAL E RECREATIVA DA COMEIRA&nbsp;&nbsp;Rua da Covinha, Marinha Grande, Portugal&nbsp;TEl 244 566\u202f186&nbsp;&nbsp;POPULAR DINNER AND CULTURAL\/ARTISTIC EVENING (28)&nbsp;<\/td><\/tr><tr><td><img decoding=\"async\" src=\"blob:http:\/\/aep61-74.org\/8a89c14b-f6fb-49a4-931f-ecd8fd5b5df8\">&nbsp;<\/td><td>M USEU JOAQUIM CORREIA&nbsp;<a href=\"https:\/\/www.google.com\/search?sxsrf=ALiCzsYeWXzAlCOMnsr2quoW6NQpAfKiNg:1666438213517&amp;q=museu+joaquim+correia+endere%C3%A7o&amp;ludocid=8558605132192718589&amp;sa=X&amp;ved=2ahUKEwjsxoaO3vP6AhUJrxoKHS5kBKwQ6BN6BAhVEAI\" target=\"_blank\" rel=\"noreferrer noopener\">Endere\u00e7o<\/a>: Largo 5 de Outubro, 2430-262 M.nha Grande&nbsp;TEL 244573318&nbsp;&nbsp;Glass and traditional local Museum&nbsp;Visits 29 in the morning&nbsp;<\/td><\/tr><\/tbody><\/table><\/figure>\n\n\n\n<figure class=\"wp-block-gallery columns-2 is-cropped wp-block-gallery-1 is-layout-flex wp-block-gallery-is-layout-flex\"><ul class=\"blocks-gallery-grid\"><li class=\"blocks-gallery-item\"><figure><img loading=\"lazy\" decoding=\"async\" width=\"506\" height=\"725\" src=\"http:\/\/aep61-74.org\/wp-content\/uploads\/2022\/11\/jorna-2.jpg\" alt=\"\" data-id=\"4160\" data-full-url=\"http:\/\/aep61-74.org\/wp-content\/uploads\/2022\/11\/jorna-2.jpg\" data-link=\"http:\/\/aep61-74.org\/?attachment_id=4160\" class=\"wp-image-4160\" srcset=\"https:\/\/aep61-74.org\/wp-content\/uploads\/2022\/11\/jorna-2.jpg 506w, https:\/\/aep61-74.org\/wp-content\/uploads\/2022\/11\/jorna-2-209x300.jpg 209w\" sizes=\"auto, (max-width: 506px) 100vw, 506px\" \/><\/figure><\/li><li class=\"blocks-gallery-item\"><figure><img loading=\"lazy\" decoding=\"async\" width=\"514\" height=\"709\" src=\"http:\/\/aep61-74.org\/wp-content\/uploads\/2022\/11\/jorna1.jpg\" alt=\"\" data-id=\"4161\" data-full-url=\"http:\/\/aep61-74.org\/wp-content\/uploads\/2022\/11\/jorna1.jpg\" data-link=\"http:\/\/aep61-74.org\/?attachment_id=4161\" class=\"wp-image-4161\" srcset=\"https:\/\/aep61-74.org\/wp-content\/uploads\/2022\/11\/jorna1.jpg 514w, https:\/\/aep61-74.org\/wp-content\/uploads\/2022\/11\/jorna1-217x300.jpg 217w\" sizes=\"auto, (max-width: 514px) 100vw, 514px\" \/><\/figure><\/li><\/ul><\/figure>\n","protected":false},"excerpt":{"rendered":"<div class=\"mh-excerpt\"><p>AEP61-74 &#8211; ASSOCIA\u00c7\u00c3O DE EXILADOS POL\u00cdTICOS PORTUGUESES&nbsp; JORNADAS PEOPLE&nbsp; | LISBOA \u2013 MARINHA GRANDE&nbsp; 27-28 E 29 DE OUTUBRO 2022&nbsp; O QUE S\u00c3O | PEOPLE Encounter, what\u00b4s exactly? Um encontro de institui\u00e7\u00f5es e de pessoas <a class=\"mh-excerpt-more\" href=\"https:\/\/aep61-74.org\/index.php\/2022\/11\/28\/projeto-people-em-portugal\/\" title=\"Projeto PEOPLE em Portugal\">[&#8230;]<\/a><\/p>\n<\/div>","protected":false},"author":1,"featured_media":4158,"comment_status":"open","ping_status":"open","sticky":true,"template":"","format":"standard","meta":{"rop_custom_images_group":[],"rop_custom_messages_group":[],"rop_publish_now":"initial","rop_publish_now_accounts":[],"rop_publish_now_history":[],"rop_publish_now_status":"pending","footnotes":""},"categories":[239],"tags":[],"class_list":{"0":"post-4157","1":"post","2":"type-post","3":"status-publish","4":"format-standard","5":"has-post-thumbnail","7":"category-people"},"_links":{"self":[{"href":"https:\/\/aep61-74.org\/index.php\/wp-json\/wp\/v2\/posts\/4157","targetHints":{"allow":["GET"]}}],"collection":[{"href":"https:\/\/aep61-74.org\/index.php\/wp-json\/wp\/v2\/posts"}],"about":[{"href":"https:\/\/aep61-74.org\/index.php\/wp-json\/wp\/v2\/types\/post"}],"author":[{"embeddable":true,"href":"https:\/\/aep61-74.org\/index.php\/wp-json\/wp\/v2\/users\/1"}],"replies":[{"embeddable":true,"href":"https:\/\/aep61-74.org\/index.php\/wp-json\/wp\/v2\/comments?post=4157"}],"version-history":[{"count":2,"href":"https:\/\/aep61-74.org\/index.php\/wp-json\/wp\/v2\/posts\/4157\/revisions"}],"predecessor-version":[{"id":4163,"href":"https:\/\/aep61-74.org\/index.php\/wp-json\/wp\/v2\/posts\/4157\/revisions\/4163"}],"wp:featuredmedia":[{"embeddable":true,"href":"https:\/\/aep61-74.org\/index.php\/wp-json\/wp\/v2\/media\/4158"}],"wp:attachment":[{"href":"https:\/\/aep61-74.org\/index.php\/wp-json\/wp\/v2\/media?parent=4157"}],"wp:term":[{"taxonomy":"category","embeddable":true,"href":"https:\/\/aep61-74.org\/index.php\/wp-json\/wp\/v2\/categories?post=4157"},{"taxonomy":"post_tag","embeddable":true,"href":"https:\/\/aep61-74.org\/index.php\/wp-json\/wp\/v2\/tags?post=4157"}],"curies":[{"name":"wp","href":"https:\/\/api.w.org\/{rel}","templated":true}]}}