{"id":4237,"date":"2023-12-03T13:45:27","date_gmt":"2023-12-03T13:45:27","guid":{"rendered":"https:\/\/aep61-74.org\/?p=4237"},"modified":"2023-12-07T16:56:11","modified_gmt":"2023-12-07T16:56:11","slug":"as-confrarias-do-bando-e-o-25-de-abril","status":"publish","type":"post","link":"https:\/\/aep61-74.org\/index.php\/2023\/12\/03\/as-confrarias-do-bando-e-o-25-de-abril\/","title":{"rendered":"As confrarias do Bando e o 25 de abril"},"content":{"rendered":"\n<figure class=\"wp-block-image size-large\"><img loading=\"lazy\" decoding=\"async\" width=\"1024\" height=\"503\" src=\"https:\/\/aep61-74.org\/wp-content\/uploads\/2023\/12\/confraria-do-bando-1-1024x503.jpg\" alt=\"\" class=\"wp-image-4238\" srcset=\"https:\/\/aep61-74.org\/wp-content\/uploads\/2023\/12\/confraria-do-bando-1-1024x503.jpg 1024w, https:\/\/aep61-74.org\/wp-content\/uploads\/2023\/12\/confraria-do-bando-1-300x147.jpg 300w, https:\/\/aep61-74.org\/wp-content\/uploads\/2023\/12\/confraria-do-bando-1-768x378.jpg 768w, https:\/\/aep61-74.org\/wp-content\/uploads\/2023\/12\/confraria-do-bando-1-1536x755.jpg 1536w, https:\/\/aep61-74.org\/wp-content\/uploads\/2023\/12\/confraria-do-bando-1.jpg 1729w\" sizes=\"auto, (max-width: 1024px) 100vw, 1024px\" \/><figcaption>Confraria do Bando e Aep61-74<\/figcaption><\/figure>\n\n\n\n<p>No \u00e2mbito das comemora\u00e7\u00f5es dos 50 anos do 25 de abril 1974, o Teatro o Bando com a Escola Secund\u00e1ria de Palmela tem em prepara\u00e7\u00e3o uma apresenta\u00e7\u00e3o na Escola, constitu\u00edda por 50 epis\u00f3dios assinalados, que come\u00e7a na noite de 24 de abril e que culmina com a eclos\u00e3o do golpe do Movimento das For\u00e7as Armadas pela madrugada de 25 de abril.<\/p>\n\n\n\n<p>Em prepara\u00e7\u00e3o da apresenta\u00e7\u00e3o, o Bando, com a supervis\u00e3o de Jo\u00e3o Neca e Nicholas Brites, est\u00e3o a trabalhar com duas confrarias, a primeira com participantes com idades mais variadas, dos 5 aos 67 anos, e a segunda com alunos dos \u00faltimos anos do secund\u00e1rio, por um lado no sentido de desenvolver a t\u00e9cnica teatral dos intervenientes e, por outro, de ir preparando os epis\u00f3dios previstos ou a desenvolver para aquela comemora\u00e7\u00e3o.<\/p>\n\n\n\n<p>Neste \u00e2mbito entendeu-se \u00fatil a participa\u00e7\u00e3o de membros da Aep61-74,na sua qualidade de antigos exilados pol\u00edticos que sa\u00edram de Portugal para o estrangeiro, na sua maioria para evitar participar uma guerra que consideravam injusta contra os povos colonizados, da Guin\u00e9-Bissau, Angola e Mo\u00e7ambique, ou simplesmente porque foram perseguidos em Portugal pelas suas atividades contra a ditadura.<\/p>\n\n\n\n<p>Do lado da Aep61-74 participaram Joaquim Nunes, Jos\u00e9 Augusto Martins e Am\u00e9lia Resende, que, com o relato das suas experi\u00eancias de luta contra a ditadura e do ex\u00edlio ajudaram no sentido da sensibiliza\u00e7\u00e3o dos mais jovens para a preserva\u00e7\u00e3o das mem\u00f3rias de quem foi sujeito \u00e0 repress\u00e3o e a tomar uma posi\u00e7\u00e3o relativamente \u00e0 situa\u00e7\u00e3o de guerra que Portugal atravessou nos anos 60 e 70 do s\u00e9culo passado, trocando ideias sobre o seu significado para as gera\u00e7\u00f5es mais novas e no impacto que o seu conhecimento pode ter para a defini\u00e7\u00e3o do seu futuro preservando os valores da democracia e da liberdade.<\/p>\n\n\n\n<p>Os representantes da AEP61-74 dever\u00e3o visitar a Escola Secund\u00e1ria de Palmela, no sentido de eventualmente poderem  participar na conce\u00e7\u00e3o dos epis\u00f3dios previstos.<\/p>\n\n\n\n<p>Jos\u00e9 Augusto Martins <\/p>\n\n\n\n<p>Vale de Barris, <\/p>\n\n\n\n<p>02-12-2023<\/p>\n","protected":false},"excerpt":{"rendered":"<div class=\"mh-excerpt\"><p>No \u00e2mbito das comemora\u00e7\u00f5es dos 50 anos do 25 de abril 1974, o Teatro o Bando com a Escola Secund\u00e1ria de Palmela tem em prepara\u00e7\u00e3o uma apresenta\u00e7\u00e3o na Escola, constitu\u00edda por 50 epis\u00f3dios assinalados, que <a class=\"mh-excerpt-more\" href=\"https:\/\/aep61-74.org\/index.php\/2023\/12\/03\/as-confrarias-do-bando-e-o-25-de-abril\/\" title=\"As confrarias do Bando e o 25 de abril\">[&#8230;]<\/a><\/p>\n<\/div>","protected":false},"author":1,"featured_media":0,"comment_status":"open","ping_status":"open","sticky":true,"template":"","format":"standard","meta":{"rop_custom_images_group":[],"rop_custom_messages_group":[],"rop_publish_now":"initial","rop_publish_now_accounts":[],"rop_publish_now_history":[],"rop_publish_now_status":"pending","footnotes":""},"categories":[240],"tags":[],"class_list":{"0":"post-4237","1":"post","2":"type-post","3":"status-publish","4":"format-standard","6":"category-aep"},"_links":{"self":[{"href":"https:\/\/aep61-74.org\/index.php\/wp-json\/wp\/v2\/posts\/4237","targetHints":{"allow":["GET"]}}],"collection":[{"href":"https:\/\/aep61-74.org\/index.php\/wp-json\/wp\/v2\/posts"}],"about":[{"href":"https:\/\/aep61-74.org\/index.php\/wp-json\/wp\/v2\/types\/post"}],"author":[{"embeddable":true,"href":"https:\/\/aep61-74.org\/index.php\/wp-json\/wp\/v2\/users\/1"}],"replies":[{"embeddable":true,"href":"https:\/\/aep61-74.org\/index.php\/wp-json\/wp\/v2\/comments?post=4237"}],"version-history":[{"count":3,"href":"https:\/\/aep61-74.org\/index.php\/wp-json\/wp\/v2\/posts\/4237\/revisions"}],"predecessor-version":[{"id":4243,"href":"https:\/\/aep61-74.org\/index.php\/wp-json\/wp\/v2\/posts\/4237\/revisions\/4243"}],"wp:attachment":[{"href":"https:\/\/aep61-74.org\/index.php\/wp-json\/wp\/v2\/media?parent=4237"}],"wp:term":[{"taxonomy":"category","embeddable":true,"href":"https:\/\/aep61-74.org\/index.php\/wp-json\/wp\/v2\/categories?post=4237"},{"taxonomy":"post_tag","embeddable":true,"href":"https:\/\/aep61-74.org\/index.php\/wp-json\/wp\/v2\/tags?post=4237"}],"curies":[{"name":"wp","href":"https:\/\/api.w.org\/{rel}","templated":true}]}}