{"id":4269,"date":"2024-01-13T17:17:37","date_gmt":"2024-01-13T17:17:37","guid":{"rendered":"https:\/\/aep61-74.org\/?p=4269"},"modified":"2024-01-13T17:17:41","modified_gmt":"2024-01-13T17:17:41","slug":"aniversario-de-helder-costa-lapide-na-casa-de-grandola","status":"publish","type":"post","link":"https:\/\/aep61-74.org\/index.php\/2024\/01\/13\/aniversario-de-helder-costa-lapide-na-casa-de-grandola\/","title":{"rendered":"Anivers\u00e1rio de Helder Costa                  l\u00e1pide na casa de Gr\u00e2ndola"},"content":{"rendered":"\n<figure class=\"wp-block-image size-full\"><img loading=\"lazy\" decoding=\"async\" width=\"886\" height=\"381\" src=\"https:\/\/aep61-74.org\/wp-content\/uploads\/2024\/01\/Grandola-2.jpg\" alt=\"\" class=\"wp-image-4270\" srcset=\"https:\/\/aep61-74.org\/wp-content\/uploads\/2024\/01\/Grandola-2.jpg 886w, https:\/\/aep61-74.org\/wp-content\/uploads\/2024\/01\/Grandola-2-300x129.jpg 300w, https:\/\/aep61-74.org\/wp-content\/uploads\/2024\/01\/Grandola-2-768x330.jpg 768w\" sizes=\"auto, (max-width: 886px) 100vw, 886px\" \/><figcaption>Fotos de Carlos Martins<\/figcaption><\/figure>\n\n\n\n<p>Na sequ\u00eancia da homenagem que se realizou no passado dia 13 de maio de 2023 na Cantina Velha da Universidade de Lisboa, a Comiss\u00e3o Promotora com a presen\u00e7a de H\u00e9lder Mateus da Costa, realizou a 6 janeiro de 2024, dia do seu 85\u00ba anivers\u00e1rio, o descerramento de uma placa evocativa do nascimento. <\/p>\n\n\n\n<p>Cumpriu-se a vontade inequ\u00edvoca do nosso amigo \u00a0de colocar a placa na fachada da sua casa em Gr\u00e2ndola e homenagear tamb\u00e9m os \u00a0pais com a inscri\u00e7\u00e3o dos seus nomes.Sabemos que n\u00e3o foi f\u00e1cil chegar a todos, fizemos o poss\u00edvel, com alguns erros seguramente, mas o nosso objetivo foi proporcionar ao amigo \u00a0H\u00e9lder Costa \u00a0momentos de grande alegria e agradecer todo o trabalho e obra que at\u00e9 aqui \u00a0desenvolveu e que vai ficar , seguramente, para as gera\u00e7\u00f5es vindouras e para a hist\u00f3ria da cultura portuguesa.<\/p>\n\n\n\n<p>H\u00e9lder Costa \u00e9 enorme como \u00a0homem, como actor e dramaturgo, solid\u00e1rio, inconformavel \u00a0na luta \u00a0pela Liberdade e Justi\u00e7a Social.<\/p>\n\n\n\n<p>Uma refer\u00eancia especial tamb\u00e9m para Maria do C\u00e9u Guerra: uma grande mulher, atriz, lutadora e sempre presente. \u00a0 A<\/p>\n\n\n\n<p>Este nosso agradecimento \u00e9 dirigido \u00a0a todos os que participaram nestas realiza\u00e7\u00f5es \u00a0e tamb\u00e9m aos que, n\u00e3o podendo, \u00a0nos enviaram palavras de grande valor humanista e amizade para com \u00a0H\u00e9lder Mateus da Costa.<\/p>\n\n\n\n<p>O nosso bem-haja.<\/p>\n\n\n\n<p>A todos e todas o nosso grande abra\u00e7o pelo \u00a0apoio demonstrado.<\/p>\n\n\n\n<p>A comiss\u00e3o Promotora:                                                                                                                                              <\/p>\n\n\n\n<p>Arnaldo Cunha da Silva                                                                                                                                                  Carlos Pereira Martins                                                                                                                                                 Joaquim Nunes                                                                                                                                                                 Jos\u00e9 Zaluar                                                                                                                                                                   Manuel Lopes Rodrigues<\/p>\n","protected":false},"excerpt":{"rendered":"<div class=\"mh-excerpt\"><p>Na sequ\u00eancia da homenagem que se realizou no passado dia 13 de maio de 2023 na Cantina Velha da Universidade de Lisboa, a Comiss\u00e3o Promotora com a presen\u00e7a de H\u00e9lder Mateus da Costa, realizou a <a class=\"mh-excerpt-more\" href=\"https:\/\/aep61-74.org\/index.php\/2024\/01\/13\/aniversario-de-helder-costa-lapide-na-casa-de-grandola\/\" title=\"Anivers\u00e1rio de Helder Costa                  l\u00e1pide na casa de Gr\u00e2ndola\">[&#8230;]<\/a><\/p>\n<\/div>","protected":false},"author":1,"featured_media":0,"comment_status":"open","ping_status":"open","sticky":true,"template":"","format":"standard","meta":{"rop_custom_images_group":[],"rop_custom_messages_group":[],"rop_publish_now":"initial","rop_publish_now_accounts":[],"rop_publish_now_history":[],"rop_publish_now_status":"pending","footnotes":""},"categories":[243],"tags":[],"class_list":{"0":"post-4269","1":"post","2":"type-post","3":"status-publish","4":"format-standard","6":"category-informacoes"},"_links":{"self":[{"href":"https:\/\/aep61-74.org\/index.php\/wp-json\/wp\/v2\/posts\/4269","targetHints":{"allow":["GET"]}}],"collection":[{"href":"https:\/\/aep61-74.org\/index.php\/wp-json\/wp\/v2\/posts"}],"about":[{"href":"https:\/\/aep61-74.org\/index.php\/wp-json\/wp\/v2\/types\/post"}],"author":[{"embeddable":true,"href":"https:\/\/aep61-74.org\/index.php\/wp-json\/wp\/v2\/users\/1"}],"replies":[{"embeddable":true,"href":"https:\/\/aep61-74.org\/index.php\/wp-json\/wp\/v2\/comments?post=4269"}],"version-history":[{"count":1,"href":"https:\/\/aep61-74.org\/index.php\/wp-json\/wp\/v2\/posts\/4269\/revisions"}],"predecessor-version":[{"id":4271,"href":"https:\/\/aep61-74.org\/index.php\/wp-json\/wp\/v2\/posts\/4269\/revisions\/4271"}],"wp:attachment":[{"href":"https:\/\/aep61-74.org\/index.php\/wp-json\/wp\/v2\/media?parent=4269"}],"wp:term":[{"taxonomy":"category","embeddable":true,"href":"https:\/\/aep61-74.org\/index.php\/wp-json\/wp\/v2\/categories?post=4269"},{"taxonomy":"post_tag","embeddable":true,"href":"https:\/\/aep61-74.org\/index.php\/wp-json\/wp\/v2\/tags?post=4269"}],"curies":[{"name":"wp","href":"https:\/\/api.w.org\/{rel}","templated":true}]}}