{"id":4321,"date":"2024-04-11T03:34:24","date_gmt":"2024-04-11T03:34:24","guid":{"rendered":"https:\/\/aep61-74.org\/?p=4321"},"modified":"2024-04-11T03:34:29","modified_gmt":"2024-04-11T03:34:29","slug":"a-revolucao-de-1974-das-ruas-de-lisboa-ao-luxemburgo","status":"publish","type":"post","link":"https:\/\/aep61-74.org\/index.php\/2024\/04\/11\/a-revolucao-de-1974-das-ruas-de-lisboa-ao-luxemburgo\/","title":{"rendered":"A revolu\u00e7\u00e3o de 1974 &#8211; das ruas de Lisboa ao Luxemburgo"},"content":{"rendered":"\n<p>O Nationalmus\u00e9e um F\u00ebschmaart&nbsp; organiza no Luxemburgo uma exposi\u00e7\u00e3o\/ciclo de confer\u00eancias sobre a Revolu\u00e7\u00e3o de Abril. de 26.04.2024 a 05.01.2025<\/p>\n\n\n\n<figure class=\"wp-block-image size-large\"><img loading=\"lazy\" decoding=\"async\" width=\"791\" height=\"1024\" src=\"https:\/\/aep61-74.org\/wp-content\/uploads\/2024\/04\/Capa-exp-Luxemburgo-copy-791x1024.jpg\" alt=\"\" class=\"wp-image-4326\" srcset=\"https:\/\/aep61-74.org\/wp-content\/uploads\/2024\/04\/Capa-exp-Luxemburgo-copy-791x1024.jpg 791w, https:\/\/aep61-74.org\/wp-content\/uploads\/2024\/04\/Capa-exp-Luxemburgo-copy-232x300.jpg 232w, https:\/\/aep61-74.org\/wp-content\/uploads\/2024\/04\/Capa-exp-Luxemburgo-copy-768x994.jpg 768w, https:\/\/aep61-74.org\/wp-content\/uploads\/2024\/04\/Capa-exp-Luxemburgo-copy-1187x1536.jpg 1187w, https:\/\/aep61-74.org\/wp-content\/uploads\/2024\/04\/Capa-exp-Luxemburgo-copy.jpg 1275w\" sizes=\"auto, (max-width: 791px) 100vw, 791px\" \/><\/figure>\n\n\n\n<div data-wp-interactive=\"core\/file\" class=\"wp-block-file\"><object data-wp-bind--hidden=\"!state.hasPdfPreview\" hidden class=\"wp-block-file__embed\" data=\"https:\/\/aep61-74.org\/wp-content\/uploads\/2024\/04\/programa-exp-Luxemburgo-1.pdf\" type=\"application\/pdf\" style=\"width:100%;height:600px\" aria-label=\"Incorpora\u00e7\u00e3o de Incorpora\u00e7\u00e3o de programa-exp-Luxemburgo-1..\"><\/object><a href=\"https:\/\/aep61-74.org\/wp-content\/uploads\/2024\/04\/programa-exp-Luxemburgo-1.pdf\">programa-exp-Luxemburgo-1<\/a><a href=\"https:\/\/aep61-74.org\/wp-content\/uploads\/2024\/04\/programa-exp-Luxemburgo-1.pdf\" class=\"wp-block-file__button\" download>Descarregar<\/a><\/div>\n","protected":false},"excerpt":{"rendered":"<div class=\"mh-excerpt\"><p>O Nationalmus\u00e9e um F\u00ebschmaart&nbsp; organiza no Luxemburgo uma exposi\u00e7\u00e3o\/ciclo de confer\u00eancias sobre a Revolu\u00e7\u00e3o de Abril. de 26.04.2024 a 05.01.2025<\/p>\n<\/div>","protected":false},"author":1,"featured_media":0,"comment_status":"open","ping_status":"open","sticky":true,"template":"","format":"standard","meta":{"rop_custom_images_group":[],"rop_custom_messages_group":[],"rop_publish_now":"initial","rop_publish_now_accounts":[],"rop_publish_now_history":[],"rop_publish_now_status":"pending","footnotes":""},"categories":[243],"tags":[],"class_list":{"0":"post-4321","1":"post","2":"type-post","3":"status-publish","4":"format-standard","6":"category-informacoes"},"_links":{"self":[{"href":"https:\/\/aep61-74.org\/index.php\/wp-json\/wp\/v2\/posts\/4321","targetHints":{"allow":["GET"]}}],"collection":[{"href":"https:\/\/aep61-74.org\/index.php\/wp-json\/wp\/v2\/posts"}],"about":[{"href":"https:\/\/aep61-74.org\/index.php\/wp-json\/wp\/v2\/types\/post"}],"author":[{"embeddable":true,"href":"https:\/\/aep61-74.org\/index.php\/wp-json\/wp\/v2\/users\/1"}],"replies":[{"embeddable":true,"href":"https:\/\/aep61-74.org\/index.php\/wp-json\/wp\/v2\/comments?post=4321"}],"version-history":[{"count":7,"href":"https:\/\/aep61-74.org\/index.php\/wp-json\/wp\/v2\/posts\/4321\/revisions"}],"predecessor-version":[{"id":4333,"href":"https:\/\/aep61-74.org\/index.php\/wp-json\/wp\/v2\/posts\/4321\/revisions\/4333"}],"wp:attachment":[{"href":"https:\/\/aep61-74.org\/index.php\/wp-json\/wp\/v2\/media?parent=4321"}],"wp:term":[{"taxonomy":"category","embeddable":true,"href":"https:\/\/aep61-74.org\/index.php\/wp-json\/wp\/v2\/categories?post=4321"},{"taxonomy":"post_tag","embeddable":true,"href":"https:\/\/aep61-74.org\/index.php\/wp-json\/wp\/v2\/tags?post=4321"}],"curies":[{"name":"wp","href":"https:\/\/api.w.org\/{rel}","templated":true}]}}