{"id":4409,"date":"2024-06-07T23:46:29","date_gmt":"2024-06-07T23:46:29","guid":{"rendered":"https:\/\/aep61-74.org\/?p=4409"},"modified":"2024-06-11T01:00:52","modified_gmt":"2024-06-11T01:00:52","slug":"grenoble-festejar-os-50-anos-de-abril-1974-de-1-de-janeiro-a-28-de-setembro-2024","status":"publish","type":"post","link":"https:\/\/aep61-74.org\/index.php\/2024\/06\/07\/grenoble-festejar-os-50-anos-de-abril-1974-de-1-de-janeiro-a-28-de-setembro-2024\/","title":{"rendered":"Grenoble &#8211; Festejar os 50 anos de Abril 1974 &#8211; de 1 de Janeiro a 12 de Outubro 2024"},"content":{"rendered":"\n<p>O projecto de organizar as comemora\u00e7\u00f5es dos 50 anos do 25 de Abril 1974, come\u00e7ou em 2022. Numa primeira reuni\u00e3o, com o presidente da Associa\u00e7\u00e3o do Verde Minho, Z\u00e9 Domingues e logo na reuni\u00e3o seguinte com a Cid\u00e1lia da <em>Casa da Cultura Portuguesa<\/em>, em seguida Fernando Soares da Associa\u00e7\u00e3o <em>Conv\u00edvio das Fam\u00edlias Portuguesas d\u2019Echirolles<\/em>. Foi ent\u00e3o decido de alargar o grupo inicial e procurar trazer mais associa\u00e7\u00f5es para o projecto. A ideia era  organizar um 25 de Abril 2024 onde todos pudessem entrar se estivessem de acordo com os princ\u00edpios e ideais do 25 de Abril. N\u00e3o exclu\u00edamos o futebol nem o fado nem a festa com comes e bebes, mas quer\u00edamos alargar as festividades a um espa\u00e7o cultural mais amplo, confer\u00eancias, exposi\u00e7\u00f5es, filmes etc\u2026 a ideia forte era<\/p>\n\n\n\n<p class=\"has-text-align-center has-large-font-size\"><strong>VAMOS FESTEJAR A REVOLU\u00c7\u00c3O DOS CRAVOS DO 25 DE ABRIL EM PORTUGAL<\/strong>.<\/p>\n\n\n\n<div class=\"wp-block-image\"><figure class=\"aligncenter size-full\"><img loading=\"lazy\" decoding=\"async\" width=\"601\" height=\"425\" src=\"https:\/\/aep61-74.org\/wp-content\/uploads\/2024\/06\/grenoble-01.jpg\" alt=\"\" class=\"wp-image-4410\" srcset=\"https:\/\/aep61-74.org\/wp-content\/uploads\/2024\/06\/grenoble-01.jpg 601w, https:\/\/aep61-74.org\/wp-content\/uploads\/2024\/06\/grenoble-01-300x212.jpg 300w\" sizes=\"auto, (max-width: 601px) 100vw, 601px\" \/><\/figure><\/div>\n\n\n\n<p>Depressa alcan\u00e7amos a contribui\u00e7\u00e3o de umas 15 associa\u00e7\u00f5es e de uns 20 cidad\u00e3os. E assim fomos caminhando\u2026 uns vieram, outros deixaram de vir e voltaram, outros sempre acompanharam, outros, poucos, desistiram. Um verdadeiro trabalho de formigas, de compreens\u00e3o, de dialogo, de toler\u00e2ncia foi-se inscrevendo no ADN do <em>Coletivo 25 Abril<\/em> que foi criado. Foi decidido que o <em>Coletivo<\/em> seria informal sempre com portas abertas para quem quisesse entrar ou sair e a sua dilui\u00e7\u00e3o teria lugar no fim das comemora\u00e7\u00f5es. Um trabalho horizontal onde cada um contribu\u00eda com a sua pedra para o edif\u00edcio.<br>As cidades de Saint Martin d\u2019H\u00e8res (SMH) e Grenoble cedo se disponibilizaram para apoiar o projecto, em seguida vieram Rives e Gi\u00e8res. O inicio das festividades foi aberto pela cidade de Saint Martin d\u2019H\u00e8res (SMH) logo em Janeiro de 2024, com os ateliers de escrita organizados pelas bibliotecas no sentido de favorizar a escrita livre em pequenos grupos de trabalho sobre o tema Portugal e o 25 de Abril. A grande manifesta\u00e7\u00e3o ficou para o dia 20 de Abril em SMH por ser um s\u00e1bado, com uma confer\u00eancia de Victor Pereira , uma exposi\u00e7\u00e3o sobre o Zeca Afonso, comes e bebes e um espect\u00e1culo de Fado , com a participa\u00e7\u00e3o de cerca de 400 pessoas, e a presen\u00e7a do Presidente da C\u00e2mara de SMH (David Queir\u00f3s) e do C\u00f4nsul de Portugal em Lyon (Leandro Campos).<\/p>\n\n\n\n<p class=\"has-text-align-center has-large-font-size\"><strong><em>Place de La R\u00e9volution des Oeillets &#8211; 25 Avril 1974- Portugal<\/em>  <\/strong><\/p>\n\n\n\n<p>Dia 25 de Abril ainda em Saint Martin d\u2019H\u00e8res, depois de uma decis\u00e3o por unanimidade do Conselho Municipal de imortalizar a Revolu\u00e7\u00e3o do 25 Abril de 1974 dando o nome a uma Pra\u00e7a na cidade, foi depositada um coroa de cravos vermelhos pelo presidente da c\u00e2mara (David Queir\u00f3s) e a primeira adjunta (Michelle Veyret) e colocada uma placa com o nome de <em>Place de La R\u00e9volution des Oeillets &#8211; 25 Avril 1974- Portugal<\/em>, provisoriamente aguardando que as obras do local estejam acabadas para ser inaugurada definitivamente no 25 de Abril 2025. Um local perene para a mem\u00f3ria<br>das gera\u00e7\u00f5es futuras.<\/p>\n\n\n\n<ul class=\"wp-block-list\"><li>Foram realizadas confer\u00eancias, de Victor PEREIRA, <em>C\u2019est le peuple qui comande, La R\u00e9volution des Oeillets<\/em>, com 140 pessoas no dia 20 de Abril em SMH e Nadia VERGAFTIG <em>A Revolu\u00e7\u00e3o do 25 de Abril vista de \u00c1frica<\/em> com cerca de 90 pessoas em Grenoble dia 25 de Abril.<\/li><li>No final destas confer\u00eancias foram vendidos os livros de Victor Pereira <em>C\u2019est le peuple qui commande, La R\u00e9volution des oeillets<\/em>\u201d et <em>EXILS &#8211; T\u00e9moignages d\u2019exil\u00e9s et de d\u00e9serteurs portugais<\/em>. De salientar as confer\u00eancias\/palestras de 8 a 12 de Abril com Roger Clamote, <em>La po\u00e9sie et la chanson engag\u00e9es au Portugal avant le 25 Avril<\/em> e Jo\u00e3o Carlos Pereira<br>organizadas pela <em>Cit\u00e9 Scolaire Internationale de Grenoble<\/em> com uma grande participa\u00e7\u00e3o dos alunos (mais de 200 alunos col\u00e9gio e liceu), sem contar com a participa\u00e7\u00e3o dos pais dos alunos.<\/li><li>4 exposi\u00e7\u00f5es; \u201dUnit\u00e9 Populaire\/liberte\u201d, \u201cReforme agraire, utopie ou r\u00e9alit\u00e9\u201d, \u201dLibert\u00e9 politique\/lutte ouvri\u00e8re\u201d et \u201cLutte des femmes\/Mouvement de la jeunesse\u201d em 4 Bibliotecas de SMH em bairros diferentes. Uma exposi\u00e7\u00e3o na Cit\u00e9 Scolaire Internationale de Grenoble , uma exposi\u00e7\u00e3o na Maison de l\u2019International em Grenoble <em>Refuser la Guerre Coloniale<\/em>, emprestada pela associa\u00e7\u00e3o Mem\u00f3ria Viva, conjuntamente com uma exposi\u00e7\u00e3o sobre a Guerra colonial e resist\u00eancia em Grenoble contra a ditadura e a guerra colonial, emprestada pelo Museu da Resist\u00eancia de Grenoble e uma exposi\u00e7\u00e3o de fotos de Fernando Cardeira feitas no caminho da deser\u00e7\u00e3o pelo mesmo, e uma exposi\u00e7\u00e3o <em>Zeca Afonso- G\u00e9ographie d\u2019une vie, chanteur militant engag\u00e9<\/em> na <em>Salle das F\u00eates Fran\u00e7ois Mitterrand<\/em> em Rives. Uma<br>exposi\u00e7\u00e3o <em>Fresques Murales,-<\/em>Murais na Biblioteca Fran\u00e7ois Mitterrand de Gi\u00e8res.<\/li><li>Duas sess\u00f5es de cinema, <em>Lettres de Guerre<\/em> de Ivo Ferreira-2016, dia 10 de Abril no Cin\u00e9 Club em Grenoble com um debate comovente e boa participa\u00e7\u00e3o da assist\u00eancia.<\/li><li><em>Les Grandes Ondes<\/em> de Lionel Baier dia 11 de Abril no cinema Mon Cin\u00e9 em SMH, com um debate animado por Guillaume Bourgois.<\/li><li>A Cit\u00e9 Scolaire Internationale de Grenoble organizou a projec\u00e7\u00e3o do filme <em>L\u2019Impliqu\u00e9<\/em> sobre o Capit\u00e3o Salgueiro Maia realizado por S\u00e9rgio Graciano com um debate animado por Mario Cunha em presen\u00e7a de cerca de 40 alunos do col\u00e9gio.<\/li><li>A associa\u00e7\u00e3o de Rives <em>Rosas da Primavera<\/em> sob a direc\u00e7\u00e3o do seu presidente Lu\u00eds Martins al\u00e9m da exposi\u00e7\u00e3o sobre o Zeca Afonso organizou ainda um torneio de futebol e um festival de Folclore onde estiveram presentes, os presidentes das C\u00e2maras de Rives (Julien St\u00e9vant) e Cabeceiras de Basto (Francisco Alves) e o presidente da Junta de Freguesia de Refojos de Basto, Outeiro e Poinzela (Leandro Campos). O conjunto destas actividades reuniu perto de 800 pessoas.<br>Durante as confer\u00eancias e exposi\u00e7\u00f5es foram distribu\u00eddas gratuitamente cerca de 300 brochuras sobre <em>ANTES E DEPOIS DE SALAZAR<\/em> abordando temas como, O Analfabetismo &#8211; A Escola Prim\u00e1ria &#8211; A Sa\u00fade Publica &#8211; Os Direitos da Mulher &#8211; A Censura &#8211; O Humor &#8211; A Guerra Colonial \u2013 A Imigra\u00e7\u00e3o &#8211; Testemunhos. Assim como o jornal <em>O ALARME<\/em> n\u00b0 38 edi\u00e7\u00e3o dos 50 anos do jornal em Outubro 2022<\/li><\/ul>\n\n\n\n<div class=\"wp-block-image\"><figure class=\"aligncenter size-full\"><img loading=\"lazy\" decoding=\"async\" width=\"613\" height=\"425\" src=\"https:\/\/aep61-74.org\/wp-content\/uploads\/2024\/06\/grenoble-02.jpg\" alt=\"\" class=\"wp-image-4411\" srcset=\"https:\/\/aep61-74.org\/wp-content\/uploads\/2024\/06\/grenoble-02.jpg 613w, https:\/\/aep61-74.org\/wp-content\/uploads\/2024\/06\/grenoble-02-300x208.jpg 300w\" sizes=\"auto, (max-width: 613px) 100vw, 613px\" \/><\/figure><\/div>\n\n\n\n<p>As comemora\u00e7\u00f5es v\u00e3o continuar dias 21\/22 de Setembro numa homenagem da ODTI \u00e0 Revolu\u00e7\u00e3o dos Cravos e dia 12 de Outubro de 2024 com a leitura de poemas <em>Que dit le vent qui passe<\/em> no CREARC em Grenoble. Mas j\u00e1 temos encontro marcado para o 25 de Abril 2025 data em que os trabalhos da futura pra\u00e7a estar\u00e3o acabados e ser\u00e1 definitivamente inaugurada a <em>Place de La R\u00e9volution des Oeillets &#8211; 25 Avril 1974- Portugal<\/em> em Saint Martin d\u2019H\u00e8res<br>Podemos desde j\u00e1 afirmar que o 25 de Abril foi comemorado na regi\u00e3o de Grenoble com Dignidade e de maneira Colectiva. A mem\u00f3ria do 25 de Abril 1974, os seus ideais, sonhos e realidades presentes e passados estiveram e est\u00e3o presentes nas mem\u00f3rias de todos quantos participaram na Festa.<br>A imprensa local , nomeadamente \u201cLe Dauphin\u00e9 Lib\u00e9r\u00e9\u201d n\u00e3o se enganou e fez uma reportagem bastante objectiva e digna dos acontecimentos ( dias ; 11\/4\/24 sobre o filme no Mon Cin\u00e9, 17\/4\/24 entrevista de David Queir\u00f3s (Presidente da C\u00e2mara de SMH) sobre as comemora\u00e7\u00f5es e o dever de mem\u00f3ria, 20\/4\/24 entrevista com Manuel Branco sobre Mem\u00f3ria e o Coletivo 25 de Abril, 30\/4\/24 sobre as exposi\u00e7\u00f5es nas Bibliotecas e os Ateliers de escrita, 22\/4\/24 sobre as comemora\u00e7\u00f5es em SMH na Heure Bleue, 26\/4\/24 sobre a Pra\u00e7a <em>R\u00e9volution des Oeillets<\/em> e 15\/5\/24 sobre o voto <br>un\u00e2nime do Conselho Municipal de dar o nome <em>La R\u00e9volution des Oeillets<\/em> a uma pra\u00e7a p\u00fablica, 26\/4\/24 sobre as comemora\u00e7\u00f5es em Rives\/Moirans, 5\/5\/74 sobre o torneio de futsal e a vinda do c\u00f4nsul de Lyon Leandro Campos a Rives, entre outras noticias de Agenda locais.<\/p>\n\n\n\n<p>Grenoble 31 de Maio 2024<br>Manuel Branco<br>(representante de <em>M\u00e9moire Vive<\/em> e AEP61\/74 no <em>Collectif 25 Avril<\/em>)<\/p>\n\n\n\n<p>Fotos de Manuel, Mila, Nico e Christiane Branco.<\/p>\n\n\n\n<p class=\"has-text-align-center has-large-font-size\"><strong> SAINT MARTIN D\u2019H\u00c8RES<\/strong> <\/p>\n\n\n\n<div class=\"wp-block-image\"><figure class=\"aligncenter size-large\"><img loading=\"lazy\" decoding=\"async\" width=\"1024\" height=\"495\" src=\"https:\/\/aep61-74.org\/wp-content\/uploads\/2024\/06\/SMH-01-1024x495.jpg\" alt=\"\" class=\"wp-image-4412\" srcset=\"https:\/\/aep61-74.org\/wp-content\/uploads\/2024\/06\/SMH-01-1024x495.jpg 1024w, https:\/\/aep61-74.org\/wp-content\/uploads\/2024\/06\/SMH-01-300x145.jpg 300w, https:\/\/aep61-74.org\/wp-content\/uploads\/2024\/06\/SMH-01-768x371.jpg 768w, https:\/\/aep61-74.org\/wp-content\/uploads\/2024\/06\/SMH-01.jpg 1173w\" sizes=\"auto, (max-width: 1024px) 100vw, 1024px\" \/><figcaption>SAINT MARTIN D\u2019H\u00c8RES &#8211; 20 de Abril<br>Sala da Heure Bleue: &#8211; Confer\u00eancia com o historiador- Victor Pereira<\/figcaption><\/figure><\/div>\n\n\n\n<div class=\"wp-block-image\"><figure class=\"aligncenter size-full\"><img loading=\"lazy\" decoding=\"async\" width=\"729\" height=\"266\" src=\"https:\/\/aep61-74.org\/wp-content\/uploads\/2024\/06\/SMH-02.jpg\" alt=\"\" class=\"wp-image-4413\" srcset=\"https:\/\/aep61-74.org\/wp-content\/uploads\/2024\/06\/SMH-02.jpg 729w, https:\/\/aep61-74.org\/wp-content\/uploads\/2024\/06\/SMH-02-300x109.jpg 300w\" sizes=\"auto, (max-width: 729px) 100vw, 729px\" \/><figcaption>SAINT MARTIN D\u2019H\u00c8RES<br>Exposi\u00e7\u00e3o sobre o Zeca Afonso \/ Confraterniza\u00e7\u00e3o com comes e bebes<\/figcaption><\/figure><\/div>\n\n\n\n<div class=\"wp-block-image\"><figure class=\"aligncenter size-full\"><img loading=\"lazy\" decoding=\"async\" width=\"861\" height=\"340\" src=\"https:\/\/aep61-74.org\/wp-content\/uploads\/2024\/06\/praca-03.jpg\" alt=\"\" class=\"wp-image-4415\" srcset=\"https:\/\/aep61-74.org\/wp-content\/uploads\/2024\/06\/praca-03.jpg 861w, https:\/\/aep61-74.org\/wp-content\/uploads\/2024\/06\/praca-03-300x118.jpg 300w, https:\/\/aep61-74.org\/wp-content\/uploads\/2024\/06\/praca-03-768x303.jpg 768w\" sizes=\"auto, (max-width: 861px) 100vw, 861px\" \/><figcaption>Inaugura\u00e7\u00e3o oficial pelos Presidente da C\u00e2mara, David Queir\u00f3s, e primeira adjunta, Michelle<br>Veyret, da <em>Place de La R\u00e9volution des OEillets &#8211; 25 Avril &#8211; Portugal<\/em> &#8211;<br>Discurso de David Queir\u00f3s , Presidente da C\u00e2mara<\/figcaption><\/figure><\/div>\n\n\n\n<div class=\"wp-block-image\"><figure class=\"aligncenter size-full\"><img loading=\"lazy\" decoding=\"async\" width=\"971\" height=\"339\" src=\"https:\/\/aep61-74.org\/wp-content\/uploads\/2024\/06\/praca-04.jpg\" alt=\"\" class=\"wp-image-4416\" srcset=\"https:\/\/aep61-74.org\/wp-content\/uploads\/2024\/06\/praca-04.jpg 971w, https:\/\/aep61-74.org\/wp-content\/uploads\/2024\/06\/praca-04-300x105.jpg 300w, https:\/\/aep61-74.org\/wp-content\/uploads\/2024\/06\/praca-04-768x268.jpg 768w\" sizes=\"auto, (max-width: 971px) 100vw, 971px\" \/><figcaption>Rece\u00e7\u00e3o na C\u00e2mara Municipal de Saint Martin d\u2019H\u00e8res e discurso do Presidente &#8211; David Queir\u00f3s<br>27 de Abril , apresenta\u00e7\u00e3o final dos <em>Ateliers d\u2019\u00c9criture<\/em> na Biblioteca Paul Langevin em SMH<br>Leitura de alguns textos pelos participantes<\/figcaption><\/figure><\/div>\n\n\n\n<p class=\"has-text-align-center has-large-font-size\"><strong>GRENOBLE<\/strong><\/p>\n\n\n\n<div class=\"wp-block-image\"><figure class=\"aligncenter size-full\"><img loading=\"lazy\" decoding=\"async\" width=\"578\" height=\"209\" src=\"https:\/\/aep61-74.org\/wp-content\/uploads\/2024\/06\/praca-05.jpg\" alt=\"\" class=\"wp-image-4417\" srcset=\"https:\/\/aep61-74.org\/wp-content\/uploads\/2024\/06\/praca-05.jpg 578w, https:\/\/aep61-74.org\/wp-content\/uploads\/2024\/06\/praca-05-300x108.jpg 300w\" sizes=\"auto, (max-width: 578px) 100vw, 578px\" \/><figcaption>Dia 25 de Abril, inaugura\u00e7\u00e3o da exposi\u00e7\u00e3o na <em>Maison de l\u2019lnternational <\/em>em Grenobe e da Confer\u00eancia, de Nadia Vergaftig, historiadora, por Emmanuel Carroz adjunto do Presidente da C\u00e2mara de Grenoble<\/figcaption><\/figure><\/div>\n\n\n\n<div class=\"wp-block-image\"><figure class=\"aligncenter size-full is-resized\"><img loading=\"lazy\" decoding=\"async\" src=\"https:\/\/aep61-74.org\/wp-content\/uploads\/2024\/06\/praca-06.jpg\" alt=\"\" class=\"wp-image-4418\" width=\"502\" height=\"364\" srcset=\"https:\/\/aep61-74.org\/wp-content\/uploads\/2024\/06\/praca-06.jpg 454w, https:\/\/aep61-74.org\/wp-content\/uploads\/2024\/06\/praca-06-300x217.jpg 300w\" sizes=\"auto, (max-width: 502px) 100vw, 502px\" \/><figcaption>Exposi\u00e7\u00e3o relativa \u00e0 luta contra a ditadura, incluindo documentos de M\u00e9m\u00f3ria Viva, Museu da Resist\u00eancia de Grenoble e fotos de Fernando Cardeira<\/figcaption><\/figure><\/div>\n\n\n\n<p class=\"has-text-align-center has-large-font-size\"><strong>RIVES<\/strong><\/p>\n\n\n\n<div class=\"wp-block-image\"><figure class=\"aligncenter size-full is-resized\"><img loading=\"lazy\" decoding=\"async\" src=\"https:\/\/aep61-74.org\/wp-content\/uploads\/2024\/06\/praca-08.jpg\" alt=\"\" class=\"wp-image-4419\" width=\"828\" height=\"298\" srcset=\"https:\/\/aep61-74.org\/wp-content\/uploads\/2024\/06\/praca-08.jpg 551w, https:\/\/aep61-74.org\/wp-content\/uploads\/2024\/06\/praca-08-300x108.jpg 300w\" sizes=\"auto, (max-width: 828px) 100vw, 828px\" \/><figcaption>4 e 5 de Maio &#8211; Festival de Folclore e exposi\u00e7\u00e3o Zeca Afonso<\/figcaption><\/figure><\/div>\n\n\n\n<p class=\"has-text-align-center has-large-font-size\"><strong>GI\u00c8RES<\/strong><\/p>\n\n\n\n<div class=\"wp-block-image\"><figure class=\"aligncenter size-full is-resized\"><img loading=\"lazy\" decoding=\"async\" src=\"https:\/\/aep61-74.org\/wp-content\/uploads\/2024\/06\/praca-09.jpg\" alt=\"\" class=\"wp-image-4420\" width=\"462\" height=\"305\"\/><figcaption>14 de maio a 15 de junho, exposi\u00e7\u00e3o na Biblioteca Fran\u00e7ois Mitterrand<\/figcaption><\/figure><\/div>\n\n\n\n<p class=\"has-text-align-center has-large-font-size\"><strong>ARTIGOS PUBLICADOS PELO JORNAL <em>DAUPHIN\u00c9 LIB\u00c9R\u00c9<\/em><\/strong><\/p>\n\n\n\n<div class=\"wp-block-image\"><figure class=\"aligncenter size-full is-resized\"><img loading=\"lazy\" decoding=\"async\" src=\"https:\/\/aep61-74.org\/wp-content\/uploads\/2024\/06\/praca-10.jpg\" alt=\"\" class=\"wp-image-4421\" width=\"914\" height=\"310\" srcset=\"https:\/\/aep61-74.org\/wp-content\/uploads\/2024\/06\/praca-10.jpg 750w, https:\/\/aep61-74.org\/wp-content\/uploads\/2024\/06\/praca-10-300x102.jpg 300w\" sizes=\"auto, (max-width: 914px) 100vw, 914px\" \/><\/figure><\/div>\n\n\n\n<p><\/p>\n","protected":false},"excerpt":{"rendered":"<div class=\"mh-excerpt\"><p>O projecto de organizar as comemora\u00e7\u00f5es dos 50 anos do 25 de Abril 1974, come\u00e7ou em 2022. Numa primeira reuni\u00e3o, com o presidente da Associa\u00e7\u00e3o do Verde Minho, Z\u00e9 Domingues e logo na reuni\u00e3o seguinte <a class=\"mh-excerpt-more\" href=\"https:\/\/aep61-74.org\/index.php\/2024\/06\/07\/grenoble-festejar-os-50-anos-de-abril-1974-de-1-de-janeiro-a-28-de-setembro-2024\/\" title=\"Grenoble &#8211; Festejar os 50 anos de Abril 1974 &#8211; de 1 de Janeiro a 12 de Outubro 2024\">[&#8230;]<\/a><\/p>\n<\/div>","protected":false},"author":1,"featured_media":0,"comment_status":"open","ping_status":"open","sticky":true,"template":"","format":"standard","meta":{"rop_custom_images_group":[],"rop_custom_messages_group":[],"rop_publish_now":"initial","rop_publish_now_accounts":[],"rop_publish_now_history":[],"rop_publish_now_status":"pending","footnotes":""},"categories":[243],"tags":[],"class_list":{"0":"post-4409","1":"post","2":"type-post","3":"status-publish","4":"format-standard","6":"category-informacoes"},"_links":{"self":[{"href":"https:\/\/aep61-74.org\/index.php\/wp-json\/wp\/v2\/posts\/4409","targetHints":{"allow":["GET"]}}],"collection":[{"href":"https:\/\/aep61-74.org\/index.php\/wp-json\/wp\/v2\/posts"}],"about":[{"href":"https:\/\/aep61-74.org\/index.php\/wp-json\/wp\/v2\/types\/post"}],"author":[{"embeddable":true,"href":"https:\/\/aep61-74.org\/index.php\/wp-json\/wp\/v2\/users\/1"}],"replies":[{"embeddable":true,"href":"https:\/\/aep61-74.org\/index.php\/wp-json\/wp\/v2\/comments?post=4409"}],"version-history":[{"count":3,"href":"https:\/\/aep61-74.org\/index.php\/wp-json\/wp\/v2\/posts\/4409\/revisions"}],"predecessor-version":[{"id":4426,"href":"https:\/\/aep61-74.org\/index.php\/wp-json\/wp\/v2\/posts\/4409\/revisions\/4426"}],"wp:attachment":[{"href":"https:\/\/aep61-74.org\/index.php\/wp-json\/wp\/v2\/media?parent=4409"}],"wp:term":[{"taxonomy":"category","embeddable":true,"href":"https:\/\/aep61-74.org\/index.php\/wp-json\/wp\/v2\/categories?post=4409"},{"taxonomy":"post_tag","embeddable":true,"href":"https:\/\/aep61-74.org\/index.php\/wp-json\/wp\/v2\/tags?post=4409"}],"curies":[{"name":"wp","href":"https:\/\/api.w.org\/{rel}","templated":true}]}}