{"id":4456,"date":"2024-10-27T22:51:39","date_gmt":"2024-10-27T22:51:39","guid":{"rendered":"https:\/\/aep61-74.org\/?p=4456"},"modified":"2024-10-27T23:28:43","modified_gmt":"2024-10-27T23:28:43","slug":"sessao-de-cinema-no-nucleo-aja-lisboa-exilios-no-feminino","status":"publish","type":"post","link":"https:\/\/aep61-74.org\/index.php\/2024\/10\/27\/sessao-de-cinema-no-nucleo-aja-lisboa-exilios-no-feminino\/","title":{"rendered":"Sess\u00e3o de cinema no N\u00facleo AJA Lisboa &#8211; Ex\u00edlios no Feminino"},"content":{"rendered":"\n<figure class=\"wp-block-image size-full\"><img loading=\"lazy\" decoding=\"async\" width=\"706\" height=\"709\" src=\"https:\/\/aep61-74.org\/wp-content\/uploads\/2024\/10\/exilios-imagem.jpg\" alt=\"\" class=\"wp-image-4457\" srcset=\"https:\/\/aep61-74.org\/wp-content\/uploads\/2024\/10\/exilios-imagem.jpg 706w, https:\/\/aep61-74.org\/wp-content\/uploads\/2024\/10\/exilios-imagem-300x300.jpg 300w, https:\/\/aep61-74.org\/wp-content\/uploads\/2024\/10\/exilios-imagem-150x150.jpg 150w\" sizes=\"auto, (max-width: 706px) 100vw, 706px\" \/><\/figure>\n\n\n\n<p class=\"has-medium-font-size\"><strong>Foi uma audi\u00eancia numerosa aquela que acolheu a sess\u00e3o de cinema &#8220;Ex\u00edlios no Feminino&#8221;, no s\u00e1bado \u00e0 tarde, dia 19 de Outubro, na sede do N\u00facleo AJA Lisboa. Document\u00e1rio realizado por Paulo Guerra e Edgar Feldman, com m\u00fasica de Luis C\u00edlia e colabora\u00e7\u00e3o de Eduarda Manso, re\u00fane as entrevistas e algumas fotografias de arquivo, tamb\u00e9m pessoais, de sete mulheres que protagonizaram vidas de ex\u00edlio, nos anos 60 e 70, em Portugal.<\/strong><\/p>\n\n\n\n<p class=\"has-medium-font-size\"><strong>A Guerra Colonial, as lutas estudantis e a repress\u00e3o s\u00e3o o pano de fundo que levam estas mulheres como tantas outras e outros a partir, para prosseguirem \u201cl\u00e1 fora\u201d a luta pela liberdade e democracia.<\/strong><\/p>\n\n\n\n<p class=\"has-medium-font-size\"><strong>O document\u00e1rio espelha, com autenticidade e talento, a diversidade de experi\u00eancias e percursos, tanto aqueles que motivaram as mulheres a sair do pa\u00eds, como aqueles que vivenciaram nos seus pa\u00edses de acolhimento, tais como Fran\u00e7a, B\u00e9lgica, Su\u00e9cia, Su\u00ed\u00e7a e Arg\u00e9lia. As diferentes formas como sobreviveram, transformando-se a elas e \u00e0s comunidades com quem trabalharam.<\/strong><\/p>\n\n\n\n<p class=\"has-medium-font-size\"><strong>A maioria esteve ligada a associa\u00e7\u00f5es de emigrantes, algumas a organiza\u00e7\u00f5es pol\u00edticas, outras \u00e0s universidades. A\u00ed desenvolveram um trabalho importante de milit\u00e2ncia, ativismo e investiga\u00e7\u00e3o em \u00e1reas t\u00e3o diversas como educa\u00e7\u00e3o, cultura e direitos humanos, atrav\u00e9s de bibliotecas, ensino, teatro, imprensa e investiga\u00e7\u00e3o.<\/strong><\/p>\n\n\n\n<p class=\"has-medium-font-size\"><strong>O document\u00e1rio reflete tamb\u00e9m as rela\u00e7\u00f5es de poder e o machismo, particularmente nas organiza\u00e7\u00f5es pol\u00edticas em que militavam, mas n\u00e3o s\u00f3, dando \u00eanfase \u00e0s lutas de mulheres pelo direito ao seu corpo, pela maternidade, pela liberaliza\u00e7\u00e3o do aborto e pela contrace\u00e7\u00e3o, assim como contra as diferentes formas de discrimina\u00e7\u00e3o e de opress\u00e3o.<\/strong><\/p>\n\n\n\n<p class=\"has-medium-font-size\"><strong>As marcas que o ex\u00edlio deixou. Afetivas e fortes. O document\u00e1rio d\u00e1 conta disto tudo. Por vezes em tons carregados, noutros momentos com mais leveza, at\u00e9 com humor. E foi a esse registo muito emotivo que muitas das pessoas presentes reagiram, exprimindo a sua como\u00e7\u00e3o e entusiasmo no final.<\/strong><\/p>\n\n\n\n<p class=\"has-medium-font-size\">N\u00e3o houve muitas palavras. Houve abra\u00e7os, sorrisos, desabafos. A tarde tinha sido longa e <strong>intensa. Connosco tamb\u00e9m a satisfa\u00e7\u00e3o de descobrir rostos jovens e outros menos jovens que a sess\u00e3o e o tema convidaram e que, pela primeira vez, nos vieram visitar.<\/strong><\/p>\n\n\n\n<p class=\"has-medium-font-size\"><strong>Estiveram presentes na sess\u00e3o os dois realizadores e a colaboradora, assim como tr\u00eas das mulheres entrevistadas: Helena Cabe\u00e7adas, Maria Em\u00edlia Brederode Santos e Am\u00e9lia Resende.<\/strong><\/p>\n\n\n\n<p class=\"has-medium-font-size\"><strong>Depois de uma breve apresenta\u00e7\u00e3o &#8211;\u00a0 em que se explicou que o document\u00e1rio &#8220;Ex\u00edlios no Feminino&#8221; se baseia num livro hom\u00f3nimo,\u00a0 publicado pela AEP 61- 74 (Associa\u00e7\u00e3o de Exilados Pol\u00edticos Portugueses entre 61-74) , que tem como objetivo a divulga\u00e7\u00e3o de testemunhos de ex\u00edlio -, foi dada a palavra a um dos realizadores, Paulo Guerra, que salientou a import\u00e2ncia do registo destes testemunhos, na primeira pessoa, como forma de conservar a mem\u00f3ria daqueles tempos e para abrir janelas para a esperan\u00e7a e para a luta das novas gera\u00e7\u00f5es.<\/strong><\/p>\n\n\n\n<p class=\"has-medium-font-size\"><strong>Nos tempos obscuros que atravessamos, muitos dos direitos adquiridos correm o risco de serem revertidos. Da\u00ed a import\u00e2ncia de lembrar, de refletir.<\/strong><\/p>\n\n\n\n<p class=\"has-medium-font-size\"><strong>Esta sess\u00e3o foi uma iniciativa da AJA Lisboa. Entre a assist\u00eancia estiveram presentes alguns elementos da AEP 61- 74, do NAM (N\u00e3o Apaguem a Mem\u00f3ria) e de outras associa\u00e7\u00f5es. A sess\u00e3o terminou com um lanche partilhado \u00e0 volta da mesa, selando a fraternidade e brindando \u00e0 luta das mulheres e dos homens por uma sociedade mais justa, com a garantia de direitos e de paz, valores t\u00e3o caros a Jos\u00e9 Afonso.<\/strong><\/p>\n\n\n\n<p class=\"has-medium-font-size\"><strong>Lisboa, 24 de Outubro 2024<\/strong><\/p>\n\n\n\n<p class=\"has-medium-font-size\"><strong>Am\u00e9lia Resende (Fotos Carlos Martins)<\/strong><\/p>\n","protected":false},"excerpt":{"rendered":"<div class=\"mh-excerpt\"><p>Foi uma audi\u00eancia numerosa aquela que acolheu a sess\u00e3o de cinema &#8220;Ex\u00edlios no Feminino&#8221;, no s\u00e1bado \u00e0 tarde, dia 19 de Outubro, na sede do N\u00facleo AJA Lisboa. Document\u00e1rio realizado por Paulo Guerra e Edgar <a class=\"mh-excerpt-more\" href=\"https:\/\/aep61-74.org\/index.php\/2024\/10\/27\/sessao-de-cinema-no-nucleo-aja-lisboa-exilios-no-feminino\/\" title=\"Sess\u00e3o de cinema no N\u00facleo AJA Lisboa &#8211; Ex\u00edlios no Feminino\">[&#8230;]<\/a><\/p>\n<\/div>","protected":false},"author":1,"featured_media":0,"comment_status":"open","ping_status":"open","sticky":true,"template":"","format":"standard","meta":{"rop_custom_images_group":[],"rop_custom_messages_group":[],"rop_publish_now":"initial","rop_publish_now_accounts":[],"rop_publish_now_history":[],"rop_publish_now_status":"pending","footnotes":""},"categories":[243,1],"tags":[],"class_list":{"0":"post-4456","1":"post","2":"type-post","3":"status-publish","4":"format-standard","6":"category-informacoes","7":"category-uncategorized"},"_links":{"self":[{"href":"https:\/\/aep61-74.org\/index.php\/wp-json\/wp\/v2\/posts\/4456","targetHints":{"allow":["GET"]}}],"collection":[{"href":"https:\/\/aep61-74.org\/index.php\/wp-json\/wp\/v2\/posts"}],"about":[{"href":"https:\/\/aep61-74.org\/index.php\/wp-json\/wp\/v2\/types\/post"}],"author":[{"embeddable":true,"href":"https:\/\/aep61-74.org\/index.php\/wp-json\/wp\/v2\/users\/1"}],"replies":[{"embeddable":true,"href":"https:\/\/aep61-74.org\/index.php\/wp-json\/wp\/v2\/comments?post=4456"}],"version-history":[{"count":2,"href":"https:\/\/aep61-74.org\/index.php\/wp-json\/wp\/v2\/posts\/4456\/revisions"}],"predecessor-version":[{"id":4461,"href":"https:\/\/aep61-74.org\/index.php\/wp-json\/wp\/v2\/posts\/4456\/revisions\/4461"}],"wp:attachment":[{"href":"https:\/\/aep61-74.org\/index.php\/wp-json\/wp\/v2\/media?parent=4456"}],"wp:term":[{"taxonomy":"category","embeddable":true,"href":"https:\/\/aep61-74.org\/index.php\/wp-json\/wp\/v2\/categories?post=4456"},{"taxonomy":"post_tag","embeddable":true,"href":"https:\/\/aep61-74.org\/index.php\/wp-json\/wp\/v2\/tags?post=4456"}],"curies":[{"name":"wp","href":"https:\/\/api.w.org\/{rel}","templated":true}]}}