{"id":4465,"date":"2024-10-30T17:44:00","date_gmt":"2024-10-30T17:44:00","guid":{"rendered":"https:\/\/aep61-74.org\/?p=4465"},"modified":"2024-10-30T17:44:04","modified_gmt":"2024-10-30T17:44:04","slug":"que-dit-le-vent-qui-passe-grenoble-le-12-octobre-2024","status":"publish","type":"post","link":"https:\/\/aep61-74.org\/index.php\/2024\/10\/30\/que-dit-le-vent-qui-passe-grenoble-le-12-octobre-2024\/","title":{"rendered":"Que dit le vent qui passe ? Grenoble, le 12 Octobre 2024"},"content":{"rendered":"\n<figure class=\"wp-block-image size-large\"><img loading=\"lazy\" decoding=\"async\" width=\"1024\" height=\"666\" src=\"https:\/\/aep61-74.org\/wp-content\/uploads\/2024\/10\/que-dit-le-vent-qui-passe-1024x666.jpg\" alt=\"\" class=\"wp-image-4466\" srcset=\"https:\/\/aep61-74.org\/wp-content\/uploads\/2024\/10\/que-dit-le-vent-qui-passe-1024x666.jpg 1024w, https:\/\/aep61-74.org\/wp-content\/uploads\/2024\/10\/que-dit-le-vent-qui-passe-300x195.jpg 300w, https:\/\/aep61-74.org\/wp-content\/uploads\/2024\/10\/que-dit-le-vent-qui-passe-768x499.jpg 768w, https:\/\/aep61-74.org\/wp-content\/uploads\/2024\/10\/que-dit-le-vent-qui-passe.jpg 1078w\" sizes=\"auto, (max-width: 1024px) 100vw, 1024px\" \/><\/figure>\n\n\n\n<p class=\"has-medium-font-size\"><strong>Le 12 Octobre 2024 a eu lieu au Petit Th\u00e9\u00e2tre du CREARC la derni\u00e8re manifestation organis\u00e9e par le Collectif 25 Avril pour comm\u00e9morer le cinquanti\u00e8me anniversaire de la R\u00e9volution des \u0152illets.&#8221;Que dit le vent qui passe ?&#8221;- R\u00e9volution des \u0152illets et Po\u00e9sie Portugaise-, en collaboration avec le CREARC.<\/strong><\/p>\n\n\n\n<p class=\"has-medium-font-size\"><strong>Une belle soir\u00e9e de po\u00e9sie, mais pas seulement. Une soir\u00e9e de plaisir, de convivialit\u00e9, de bonheur \u00e0 partager. Un moment qui certainement restera dans la m\u00e9moire de tous ceux qui samedi ont rempli le Petit Th\u00e9\u00e2tre, sans oublier le pot de l&#8217;amiti\u00e9 qui a combl\u00e9 de satisfaction tous les convives.<\/strong><\/p>\n\n\n\n<p class=\"has-medium-font-size\"><strong>Quinze &#8220;artistes&#8221; sur sc\u00e8ne, beaucoup de jeunes et des moins jeunes, une direction artistique de rande qualit\u00e9 assum\u00e9e de main de maitre par Roger Clamato un des 15 &#8220;artistes&#8221;., qui a su avec le fil conducteur &#8220;&#8230;le vent qui passe&#8230;&#8221; mobiliser une \u00e9quipe &#8220;d&#8217;artistes &#8221; et mettre \u00e0 l&#8217;honneur les po\u00e8tes et po\u00e9tesses; Luis de Cam\u00f5es (1525 ?-1580), Fernando Pessoa (1888-1935), Manuel Alegre (1936&#8230;), Florbela Espanca (1894-1930), Ant\u00f3nio Cabral (1931-2007), Sophia de Mello Breyner Andresen (1919-2004) et Jos\u00e9<\/strong> <strong>Afonso (1929-<\/strong>1987).<\/p>\n\n\n\n<p class=\"has-medium-font-size\"><strong>Le spectacle s&#8217;est termin\u00e9 par &#8220;Grand\u00f4la vila morena&#8221;, chant\u00e9 par les &#8220;artistes&#8221; et le public. Une brochure avec l&#8217;ensemble des po\u00e8mes et des artistes, en fran\u00e7ais et portugais \u00e9dit\u00e9e par le Collectif 25A a \u00e9t\u00e9 distribu\u00e9e aux convives.<\/strong><\/p>\n\n\n\n<p class=\"has-medium-font-size\"><strong>Pour prolonger ce moment nous avons continu\u00e9 la discussion autour d&#8217;un verre de l&#8217;amiti\u00e9, je dirais plut\u00f4t&#8230;. d&#8217;un gueuleton de sp\u00e9cialit\u00e9s portugaises. Le public est rest\u00e9 nombreux \u00e0 bavarder pendant la soir\u00e9e. On sentait de la joie et du bien \u00eatre dans les discussions.<\/strong><\/p>\n\n\n\n<p class=\"has-medium-font-size\"><strong>Un grand merci \u00e0 Fernand Garnier, Romano Garnier (Directeur du CREARC) et toute son \u00e9quipe par leur implication et bienveillance. Le pot de l&#8217;amiti\u00e9 tr\u00e8s appr\u00e9ci\u00e9 des convives, peut commencer. C&#8217;est \u00e7\u00e0 aussi f\u00eater la R\u00e9volution des \u0152illets. <\/strong><\/p>\n\n\n\n<p class=\"has-medium-font-size\"><strong>La discussion a continu\u00e9 bien apr\u00e8s le r\u00e9cital&#8230;.les convives n&#8217;avaient pas envie de partir&#8230;&#8230; Ainsi, cette date du 12 Octobre 2024 marque la fin des manifestations organis\u00e9es par le Collectif 25 Avril (C25A) pendant l&#8217;ann\u00e9e 2024. <\/strong><\/p>\n\n\n\n<p class=\"has-medium-font-size\"><strong>Nous attendons l&#8217;inauguration d\u00e9finitive le 25 Avril 2025 de la &#8220;Place de la R\u00e9volution des \u0152illets &#8211; 25 Avril 1974 &#8211; Portugal&#8221; \u00e0 Saint Martin d&#8217;H\u00e8res (report\u00e9e cette ann\u00e9e pour cause de travaux), pour finir le Programme.<\/strong><\/p>\n\n\n\n<p class=\"has-medium-font-size\"><strong>Manuel Branco &#8211; Grenoble<\/strong><\/p>\n","protected":false},"excerpt":{"rendered":"<div class=\"mh-excerpt\"><p>Le 12 Octobre 2024 a eu lieu au Petit Th\u00e9\u00e2tre du CREARC la derni\u00e8re manifestation organis\u00e9e par le Collectif 25 Avril pour comm\u00e9morer le cinquanti\u00e8me anniversaire de la R\u00e9volution des \u0152illets.&#8221;Que dit le vent qui <a class=\"mh-excerpt-more\" href=\"https:\/\/aep61-74.org\/index.php\/2024\/10\/30\/que-dit-le-vent-qui-passe-grenoble-le-12-octobre-2024\/\" title=\"Que dit le vent qui passe ? Grenoble, le 12 Octobre 2024\">[&#8230;]<\/a><\/p>\n<\/div>","protected":false},"author":1,"featured_media":0,"comment_status":"open","ping_status":"open","sticky":true,"template":"","format":"standard","meta":{"rop_custom_images_group":[],"rop_custom_messages_group":[],"rop_publish_now":"initial","rop_publish_now_accounts":[],"rop_publish_now_history":[],"rop_publish_now_status":"pending","footnotes":""},"categories":[243],"tags":[],"class_list":{"0":"post-4465","1":"post","2":"type-post","3":"status-publish","4":"format-standard","6":"category-informacoes"},"_links":{"self":[{"href":"https:\/\/aep61-74.org\/index.php\/wp-json\/wp\/v2\/posts\/4465","targetHints":{"allow":["GET"]}}],"collection":[{"href":"https:\/\/aep61-74.org\/index.php\/wp-json\/wp\/v2\/posts"}],"about":[{"href":"https:\/\/aep61-74.org\/index.php\/wp-json\/wp\/v2\/types\/post"}],"author":[{"embeddable":true,"href":"https:\/\/aep61-74.org\/index.php\/wp-json\/wp\/v2\/users\/1"}],"replies":[{"embeddable":true,"href":"https:\/\/aep61-74.org\/index.php\/wp-json\/wp\/v2\/comments?post=4465"}],"version-history":[{"count":1,"href":"https:\/\/aep61-74.org\/index.php\/wp-json\/wp\/v2\/posts\/4465\/revisions"}],"predecessor-version":[{"id":4467,"href":"https:\/\/aep61-74.org\/index.php\/wp-json\/wp\/v2\/posts\/4465\/revisions\/4467"}],"wp:attachment":[{"href":"https:\/\/aep61-74.org\/index.php\/wp-json\/wp\/v2\/media?parent=4465"}],"wp:term":[{"taxonomy":"category","embeddable":true,"href":"https:\/\/aep61-74.org\/index.php\/wp-json\/wp\/v2\/categories?post=4465"},{"taxonomy":"post_tag","embeddable":true,"href":"https:\/\/aep61-74.org\/index.php\/wp-json\/wp\/v2\/tags?post=4465"}],"curies":[{"name":"wp","href":"https:\/\/api.w.org\/{rel}","templated":true}]}}