{"id":4649,"date":"2025-04-23T21:24:48","date_gmt":"2025-04-23T21:24:48","guid":{"rendered":"https:\/\/aep61-74.org\/?p=4649"},"modified":"2025-04-24T02:28:58","modified_gmt":"2025-04-24T02:28:58","slug":"inauguracao-da-place-de-la-revolution-des-oeillets-25-avril-1974-portugal-em-saint-martin-d-heres","status":"publish","type":"post","link":"https:\/\/aep61-74.org\/index.php\/2025\/04\/23\/inauguracao-da-place-de-la-revolution-des-oeillets-25-avril-1974-portugal-em-saint-martin-d-heres\/","title":{"rendered":"Inaugura\u00e7\u00e3o da Place de La R\u00e9volution des Oeillets (25 Avril 1974 \u2013 Portugal) em Saint Martin d&#8217; H\u00e8res (Fran\u00e7a)"},"content":{"rendered":"<div class=\"wp-block-image\">\n<figure class=\"aligncenter size-full\"><img loading=\"lazy\" decoding=\"async\" width=\"368\" height=\"285\" src=\"http:\/\/aep61-74.org\/wp-content\/uploads\/2025\/04\/collectif-25-avril.jpg\" alt=\"\" class=\"wp-image-4650\" srcset=\"https:\/\/aep61-74.org\/wp-content\/uploads\/2025\/04\/collectif-25-avril.jpg 368w, https:\/\/aep61-74.org\/wp-content\/uploads\/2025\/04\/collectif-25-avril-300x232.jpg 300w\" sizes=\"auto, (max-width: 368px) 100vw, 368px\" \/><\/figure><\/div>\n\n\n<p class=\"has-text-align-left\">Je me permets d\u2019insister sur l\u2019inauguration de la Place de la R\u00e9volution des \u0152illets au Portugal. La d\u00e9cision de Mr. David Queiros, maire de Saint Martin d\u2019H\u00e8res de donner ce nom \u00e0 une place dans la ville est un acte de justice envers tous ces femmes et hommes qui ont tant donn\u00e9 \u00e0 la commune depuis un demi-si\u00e8cle.<br>Pour nous c\u2019est un symbole fort, mais aussi un lieu de m\u00e9moire pour nos enfants et petits enfants surtout aujourd\u2019hui que des forces r\u00e9gressives essaient de remettre en cause l\u2019id\u00e9al du 25 Avril.<br>J\u2019appelle tout particuli\u00e8rement les responsables des Associations \u00e0 honorer cette c\u00e9r\u00e9monie de leur pr\u00e9sence ou en se faisant repr\u00e9senter.<br>Amiti\u00e9s<br>Manuel Branco<\/p>\n\n\n\n<p class=\"has-text-align-center\"><br><strong>INVITATION<\/strong><br>LE COLLECTIF 25 AVRIL (C25A)<br><strong>Vous invite \u00e0 l\u2019inauguration de<br>la Place de la R\u00e9volution des \u0152illets (25 Avril1974-Portugal )\u00e0 Saint<br>Martin d\u2019H\u00e8res.<br>et \u00e0 comm\u00e9morer le 50\u00e8me anniversaire des<br>premi\u00e8res \u00e9lections libres de l\u2019histoire du Portugal<\/strong><br>\u2014\u2014<br><strong>Le 25 AVRIL \u00e0 17hrs00<br>Angle des rues Marceau Leyssieux et Georges<br>Cayrier<\/strong><\/p>\n","protected":false},"excerpt":{"rendered":"<div class=\"mh-excerpt\"><p>Je me permets d\u2019insister sur l\u2019inauguration de la Place de la R\u00e9volution des \u0152illets au Portugal. La d\u00e9cision de Mr. David Queiros, maire de Saint Martin d\u2019H\u00e8res de donner ce nom \u00e0 une place dans <a class=\"mh-excerpt-more\" href=\"https:\/\/aep61-74.org\/index.php\/2025\/04\/23\/inauguracao-da-place-de-la-revolution-des-oeillets-25-avril-1974-portugal-em-saint-martin-d-heres\/\" title=\"Inaugura\u00e7\u00e3o da Place de La R\u00e9volution des Oeillets (25 Avril 1974 \u2013 Portugal) em Saint Martin d&#8217; H\u00e8res (Fran\u00e7a)\">[&#8230;]<\/a><\/p>\n<\/div>","protected":false},"author":1,"featured_media":0,"comment_status":"open","ping_status":"open","sticky":false,"template":"template-full.php","format":"standard","meta":{"rop_custom_images_group":[],"rop_custom_messages_group":[],"rop_publish_now":"initial","rop_publish_now_accounts":[],"rop_publish_now_history":[],"rop_publish_now_status":"pending","footnotes":""},"categories":[243],"tags":[],"class_list":{"0":"post-4649","1":"post","2":"type-post","3":"status-publish","4":"format-standard","6":"category-informacoes"},"_links":{"self":[{"href":"https:\/\/aep61-74.org\/index.php\/wp-json\/wp\/v2\/posts\/4649","targetHints":{"allow":["GET"]}}],"collection":[{"href":"https:\/\/aep61-74.org\/index.php\/wp-json\/wp\/v2\/posts"}],"about":[{"href":"https:\/\/aep61-74.org\/index.php\/wp-json\/wp\/v2\/types\/post"}],"author":[{"embeddable":true,"href":"https:\/\/aep61-74.org\/index.php\/wp-json\/wp\/v2\/users\/1"}],"replies":[{"embeddable":true,"href":"https:\/\/aep61-74.org\/index.php\/wp-json\/wp\/v2\/comments?post=4649"}],"version-history":[{"count":5,"href":"https:\/\/aep61-74.org\/index.php\/wp-json\/wp\/v2\/posts\/4649\/revisions"}],"predecessor-version":[{"id":4661,"href":"https:\/\/aep61-74.org\/index.php\/wp-json\/wp\/v2\/posts\/4649\/revisions\/4661"}],"wp:attachment":[{"href":"https:\/\/aep61-74.org\/index.php\/wp-json\/wp\/v2\/media?parent=4649"}],"wp:term":[{"taxonomy":"category","embeddable":true,"href":"https:\/\/aep61-74.org\/index.php\/wp-json\/wp\/v2\/categories?post=4649"},{"taxonomy":"post_tag","embeddable":true,"href":"https:\/\/aep61-74.org\/index.php\/wp-json\/wp\/v2\/tags?post=4649"}],"curies":[{"name":"wp","href":"https:\/\/api.w.org\/{rel}","templated":true}]}}