{"id":4968,"date":"2026-04-02T01:43:13","date_gmt":"2026-04-02T01:43:13","guid":{"rendered":"https:\/\/aep61-74.org\/?p=4968"},"modified":"2026-04-02T02:23:21","modified_gmt":"2026-04-02T02:23:21","slug":"apresentacao-na-marinha-grande-do-livro-25-de-abril-de-1974-onde-estavamos","status":"publish","type":"post","link":"https:\/\/aep61-74.org\/index.php\/2026\/04\/02\/apresentacao-na-marinha-grande-do-livro-25-de-abril-de-1974-onde-estavamos\/","title":{"rendered":"Apresenta\u00e7\u00e3o na Marinha Grande\u00a0 do livro 25 de Abril de 1974, Onde Est\u00e1vamos?"},"content":{"rendered":"\n<p>No s\u00e1bado, dia 7 de mar\u00e7o 2026, \u00e0s 16h, na Associa\u00e7\u00e3o Cultural e Recreativa da Comeira, MARINHA GRANDE foi realizada uma sess\u00e3o de presenta\u00e7\u00e3o&nbsp; do livro da AEP 61\/74, \u201c25 de Abril de 1974, Onde Est\u00e1vamos?\u201d<\/p>\n\n\n\n<p>Antes da sess\u00e3o, pelas 13 horas, realizou-se na pr\u00f3pria Associa\u00e7\u00e3o um almo\u00e7o de confraterniza\u00e7\u00e3o, com cozido \u00e0 portuguesa.<\/p>\n\n\n\n<p>A sess\u00e3o foi moderada por Jos\u00e9 Augusto Martins membro da dire\u00e7\u00e3o da AEP61\/74 . Contou com a presen\u00e7a\u00a0 na mesa de Carlos Franco, Presidente da Dire\u00e7\u00e3o da Associa\u00e7\u00e3o da Comeira, de Ant\u00f3nio Aires Rodrigues, Guadalupe Portelinha, e Am\u00e9lia Resende, depoentes no Livro.<\/p>\n\n\n\n<p>Jos\u00e9 Augusto Martins fez a apresenta\u00e7\u00e3o da Mesa e do processo colectivo que levou a p\u00f4r em pr\u00e1tica o projecto Colectivo do Livro.<\/p>\n\n\n\n<p>Carlos Franco interveio relatando a sua experi\u00eancia enquanto militar na altura do 25 de Abril e falando da sua atividade de muitos anos como membroa da Comeira, flando em particular da import\u00e2ncia de motivar o espir\u00edto associativo dos jovens e de trabalhar com as escolas da regi\u00e3o<\/p>\n\n\n\n<p>Ant\u00f3nio Aires Rodrigues relatou a sua longa e vasta experi\u00eancia de combate antifascista.<\/p>\n\n\n\n<p>Em seguida foram lidos alguns poemas por uma associada da Comeira e tamb\u00e9m por Maria do C\u00e9u Guerra.<\/p>\n\n\n\n<p>Esta \u00faltima falou da sua experi\u00eancia com jovens atores no Cinearte em Lisboa e como tal tem contribu\u00eddo para a sua forma\u00e7\u00e3o motivando-os para aspetos de natureza social e associativa, interven\u00e7\u00e3o seguida com muita aten\u00e7\u00e3o pelos presentes e em particular pelo Presidente da Comeira., Carlos Franco, j\u00e1 que existe na Marinha Grande uma experi\u00eancia de teatro feita por jovens da Escola Secund\u00e1ria nomeadamente sobre o 18 de janeiro.<\/p>\n\n\n\n<p>Tamb\u00e9m foi referida a experi\u00eancia do Teatro Oper\u00e1rio nos anos 1960-1970, desenvolvida por Helder Costa (presente ali\u00e1s na sess\u00e3o), com jovens emigrantes em Fran\u00e7a e noutros pa\u00edses da Europa, muitos dos quais recusaram participar na guerra colonial, que poder\u00e1 servir de inspira\u00e7\u00e3o para a dinamiza\u00e7\u00e3o, nos dias de hoje, de teatro entre os jovens das escolas.<\/p>\n\n\n\n<p>Guadalupe Portelinha fez uma abordagem do Livro sobre os v\u00e1rios depoimentos e inclusive sobre a sua experi\u00eancia concreta.<\/p>\n\n\n\n<p>Por fim Am\u00e9lia Resende interveio, enquadrando o livro e o projecto colectivo, incluindo o processo de revis\u00e3o dos depoimentos.<\/p>\n\n\n\n<p>Ap\u00f3s as interven\u00e7\u00f5es seguiu-se um debate bastante vivo do p\u00fablico presente relacionando o livro com a situa\u00e7\u00e3o actual no pa\u00eds.<\/p>\n\n\n\n<p>A sess\u00e3o foi encerrada cerca das 20H00, seguindo-se uma bela sopa de cozido \u00e0 portuguesa para quem quisesse degustar<\/p>\n\n\n\n<p>Manuel Rodrigues\/Jos\u00e9 Augusto Martins<\/p>\n","protected":false},"excerpt":{"rendered":"<div class=\"mh-excerpt\"><p>No s\u00e1bado, dia 7 de mar\u00e7o 2026, \u00e0s 16h, na Associa\u00e7\u00e3o Cultural e Recreativa da Comeira, MARINHA GRANDE foi realizada uma sess\u00e3o de presenta\u00e7\u00e3o&nbsp; do livro da AEP 61\/74, \u201c25 de Abril de 1974, Onde <a class=\"mh-excerpt-more\" href=\"https:\/\/aep61-74.org\/index.php\/2026\/04\/02\/apresentacao-na-marinha-grande-do-livro-25-de-abril-de-1974-onde-estavamos\/\" title=\"Apresenta\u00e7\u00e3o na Marinha Grande\u00a0 do livro 25 de Abril de 1974, Onde Est\u00e1vamos?\">[&#8230;]<\/a><\/p>\n<\/div>","protected":false},"author":1,"featured_media":4971,"comment_status":"open","ping_status":"open","sticky":false,"template":"","format":"standard","meta":{"rop_custom_images_group":[],"rop_custom_messages_group":[],"rop_publish_now":"yes","rop_publish_now_accounts":[],"rop_publish_now_history":[],"rop_publish_now_status":"pending","footnotes":""},"categories":[243],"tags":[],"class_list":{"0":"post-4968","1":"post","2":"type-post","3":"status-publish","4":"format-standard","5":"has-post-thumbnail","7":"category-informacoes"},"_links":{"self":[{"href":"https:\/\/aep61-74.org\/index.php\/wp-json\/wp\/v2\/posts\/4968","targetHints":{"allow":["GET"]}}],"collection":[{"href":"https:\/\/aep61-74.org\/index.php\/wp-json\/wp\/v2\/posts"}],"about":[{"href":"https:\/\/aep61-74.org\/index.php\/wp-json\/wp\/v2\/types\/post"}],"author":[{"embeddable":true,"href":"https:\/\/aep61-74.org\/index.php\/wp-json\/wp\/v2\/users\/1"}],"replies":[{"embeddable":true,"href":"https:\/\/aep61-74.org\/index.php\/wp-json\/wp\/v2\/comments?post=4968"}],"version-history":[{"count":5,"href":"https:\/\/aep61-74.org\/index.php\/wp-json\/wp\/v2\/posts\/4968\/revisions"}],"predecessor-version":[{"id":4978,"href":"https:\/\/aep61-74.org\/index.php\/wp-json\/wp\/v2\/posts\/4968\/revisions\/4978"}],"wp:featuredmedia":[{"embeddable":true,"href":"https:\/\/aep61-74.org\/index.php\/wp-json\/wp\/v2\/media\/4971"}],"wp:attachment":[{"href":"https:\/\/aep61-74.org\/index.php\/wp-json\/wp\/v2\/media?parent=4968"}],"wp:term":[{"taxonomy":"category","embeddable":true,"href":"https:\/\/aep61-74.org\/index.php\/wp-json\/wp\/v2\/categories?post=4968"},{"taxonomy":"post_tag","embeddable":true,"href":"https:\/\/aep61-74.org\/index.php\/wp-json\/wp\/v2\/tags?post=4968"}],"curies":[{"name":"wp","href":"https:\/\/api.w.org\/{rel}","templated":true}]}}